{"id":318,"date":"2025-02-04T10:46:16","date_gmt":"2025-02-04T07:46:16","guid":{"rendered":"https:\/\/writer.e42art.com\/?p=318"},"modified":"2025-03-20T11:12:34","modified_gmt":"2025-03-20T08:12:34","slug":"welches-ist-das-beste-alter-fur-ein-halslifting","status":"publish","type":"post","link":"https:\/\/drhikmetihsaneren.com\/de\/welches-ist-das-beste-alter-fur-ein-halslifting\/","title":{"rendered":"Welches ist das beste Alter f\u00fcr ein Halslifting?"},"content":{"rendered":"<p>Bei der Halsstraffung (Zervikoplastik) handelt es sich um einen \u00e4sthetisch-chirurgischen Eingriff, der die Auswirkungen der Alterung mindert und Erschlaffung, Falten und Fett im Halsbereich beseitigt. F\u00fcr optimale Ergebnisse ist jedoch die Bestimmung der geeigneten Altersspanne von entscheidender Bedeutung. In diesem Artikel besprechen wir ausf\u00fchrlich die Bedeutung des Altersfaktors bei der Halsstraffung, seine Beziehung zur anatomischen Struktur, die Operationsrisiken und die optimale Altersspanne.<\/p>\n\n\n\n<figure class=\"wp-block-image size-large\"><img fetchpriority=\"high\" decoding=\"async\" width=\"1024\" height=\"559\" src=\"https:\/\/drhikmetihsaneren.com\/wp-content\/uploads\/2025\/03\/image-1-1024x559.png\" alt=\"Welches ist das beste Alter f\u00fcr ein Halslifting?\" class=\"wp-image-14807\" srcset=\"https:\/\/drhikmetihsaneren.com\/wp-content\/uploads\/2025\/03\/image-1-1024x559.png 1024w, https:\/\/drhikmetihsaneren.com\/wp-content\/uploads\/2025\/03\/image-1-768x419.png 768w, https:\/\/drhikmetihsaneren.com\/wp-content\/uploads\/2025\/03\/image-1-18x10.png 18w, https:\/\/drhikmetihsaneren.com\/wp-content\/uploads\/2025\/03\/image-1.png 1408w\" sizes=\"(max-width: 1024px) 100vw, 1024px\" \/><\/figure>\n\n\n\n<h2 class=\"wp-block-heading\">Halsstraffung: Altersfaktor<\/h2>\n\n\n\n<p>Eine Halsstraffung wird im Allgemeinen f\u00fcr Personen ab 40 Jahren empfohlen. Ab dem 40. Lebensjahr kommt es zu einer deutlichen Abnahme der Hautelastizit\u00e4t, einer Erschlaffung des Platysmamuskels und einer Ansammlung von Fett. Diese Faktoren f\u00fchren zu Erschlaffung und Faltenbildung im Halsbereich. Bei Operationen in j\u00fcngeren Jahren sind die Hautspannung und die Muskelstruktur besser, sodass die Ergebnisse m\u00f6glicherweise nicht von Dauer sind und in sp\u00e4teren Jahren eine erneute Operation erforderlich sein kann. Die Entscheidung f\u00fcr eine Operation sollte unter Ber\u00fccksichtigung des allgemeinen Gesundheitszustands, der Hautqualit\u00e4t und der Erwartungen des Patienten getroffen werden. Das Alter ist nur ein Faktor und allein kein ausreichender Grund f\u00fcr die Entscheidung \u00fcber eine Operation.<\/p>\n\n\n\n<p>Der Erfolg einer Halsstraffung h\u00e4ngt direkt von der Hautqualit\u00e4t des Patienten und dem Zustand des darunter liegenden Gewebes ab. Da junge Haut elastischer und straffer ist, verl\u00e4uft der postoperative Genesungsprozess schneller und problemloser. Mit zunehmendem Alter nimmt die Elastizit\u00e4t der Haut ab, wodurch das Risiko einer postoperativen Narbenbildung steigt. Dar\u00fcber hinaus k\u00f6nnen andere bestehende Gesundheitsprobleme bei \u00e4lteren Patienten das Operationsrisiko erh\u00f6hen. Daher sollte der Altersfaktor bei der Planung der Operation sorgf\u00e4ltig ber\u00fccksichtigt werden. Jeder Patient sollte individuell untersucht und ein personalisierter Behandlungsplan erstellt werden.<\/p>\n\n\n\n<p>Bei \u00e4lteren Patienten k\u00f6nnen andere \u00e4sthetische Eingriffe (z. B. Facelift, Augenlidoperation) mit einer Halsstraffung kombiniert werden. Dieses Vorgehen sorgt f\u00fcr ein jugendlicheres und harmonischeres Erscheinungsbild. Allerdings k\u00f6nnen kombinierte Verfahren mit Risiken und l\u00e4ngeren Genesungszeiten verbunden sein. Daher sollte ein ausf\u00fchrliches Gespr\u00e4ch mit dem Patienten gef\u00fchrt werden, die Risiken und Vorteile klar erl\u00e4utert und die Erwartungen des Patienten realistisch gehandhabt werden. Vor und nach der Operation sollte eine enge Kommunikation mit dem Patienten hergestellt und Vorkehrungen f\u00fcr m\u00f6gliche Komplikationen getroffen werden.<\/p>\n\n\n\n<p>Obwohl das Alter bei der Planung einer Halsstraffung ein wichtiger Faktor ist, ist es nicht der einzige entscheidende Faktor. Faktoren wie der allgemeine Gesundheitszustand des Patienten, die Hautqualit\u00e4t, die Erwartungen und der Lebensstil sollten ebenfalls bewertet werden. In j\u00fcngeren Jahren durchgef\u00fchrte Operationen k\u00f6nnen weniger dramatische Ergebnisse hervorbringen und kurzfristigere Auswirkungen haben. Daher ist es sowohl f\u00fcr den Chirurgen als auch f\u00fcr den Patienten wichtig, den richtigen Zeitpunkt f\u00fcr optimale Ergebnisse zu w\u00e4hlen.<\/p>\n\n\n\n<h2 class=\"wp-block-heading\">Zusammenhang zwischen anatomischer Struktur und Alter<\/h2>\n\n\n\n<p>Mit zunehmendem Alter kommt es zu erheblichen Ver\u00e4nderungen der anatomischen Struktur des Halsbereichs. Der Platysma-Muskel lockert sich und es kommt zum Erschlaffen. Es kommt zur Ansammlung von Unterhautfettgewebe und es entsteht eine deutliche F\u00fclle im Halsbereich. Die Hautelastizit\u00e4t geht verloren, F\u00e4ltchen und Erschlaffungen werden tiefer. Diese anatomischen Ver\u00e4nderungen beeinflussen die Notwendigkeit und Auswahl der Technik einer Halsstraffung. Bei \u00e4lteren Patienten kann ein umfangreicherer chirurgischer Eingriff erforderlich sein.<\/p>\n\n\n\n<p>Mit zunehmendem Alter nimmt die Dicke und Elastizit\u00e4t der Halshaut ab. Dies kann die postoperative Genesung verz\u00f6gern und das Risiko einer Narbenbildung erh\u00f6hen. Dar\u00fcber hinaus kann eine Schw\u00e4chung des St\u00fctzgewebes unter der Haut bei \u00e4lteren Patienten zu einem erh\u00f6hten Risiko einer Erschlaffung nach der Operation f\u00fchren. Daher sollten diese anatomischen Ver\u00e4nderungen bei der Operationsplanung \u00e4lterer Patienten ber\u00fccksichtigt werden. Der Chirurg muss eine Operationstechnik w\u00e4hlen, die der anatomischen Struktur des Patienten angemessen ist.<\/p>\n\n\n\n<p>Bei \u00e4lteren Patienten kann es zudem zu Ver\u00e4nderungen der Knochenstruktur im Halsbereich kommen. Diese Ver\u00e4nderungen sollten bei der Operationsplanung ber\u00fccksichtigt werden. Beispielsweise ist die Degeneration der Halswirbels\u00e4ule bei \u00e4lteren Patienten ein Zustand, der bei Operationen besondere Aufmerksamkeit erfordert. Der Chirurg muss vor der Operation eine detaillierte Untersuchung durchf\u00fchren und m\u00f6gliche Risiken einsch\u00e4tzen. Die Operationsplanung sollte auf die anatomische Struktur und das Alter des Patienten abgestimmt sein.<\/p>\n\n\n\n<p>Es darf nicht vergessen werden, dass sich die anatomische Struktur mit zunehmendem Alter ver\u00e4ndert und somit einen direkten Einfluss auf das Ergebnis der Operation hat. Die Ergebnisse einer Halsstraffung unterscheiden sich bei jungen Patienten von denen bei \u00e4lteren Patienten. W\u00e4hrend bei j\u00fcngeren Patienten weniger invasive Techniken zum Einsatz kommen k\u00f6nnen, ist bei \u00e4lteren Patienten unter Umst\u00e4nden ein umfassenderer Ansatz erforderlich. Daher sollte jeder Patient individuell untersucht und ein personalisierter Behandlungsplan erstellt werden.<\/p>\n\n\n\n<h2 class=\"wp-block-heading\">Chirurgische Risiken und Altersspanne<\/h2>\n\n\n\n<p>Wie bei jedem chirurgischen Eingriff sind auch mit einer Halsstraffung gewisse Risiken verbunden. Diese Risiken k\u00f6nnen mit dem Alter des Patienten zunehmen. Bei \u00e4lteren Patienten k\u00f6nnen an\u00e4sthesiebedingte Komplikationen und Infektionsrisiken auftreten und die Genesung kann l\u00e4nger dauern. Dar\u00fcber hinaus k\u00f6nnen andere bestehende Gesundheitsprobleme bei \u00e4lteren Patienten das Operationsrisiko erh\u00f6hen. Daher sollte vor der Operation eine detaillierte Gesundheitsbeurteilung erfolgen.<\/p>\n\n\n\n<p>Bei \u00e4lteren Patienten mit chronischen Erkrankungen wie Bluthochdruck, Herzerkrankungen und Diabetes ist das Operationsrisiko h\u00f6her. Diese Patienten m\u00fcssen vor und nach der Operation sorgf\u00e4ltig \u00fcberwacht werden. Der Chirurg muss den allgemeinen Gesundheitszustand des Patienten beurteilen und die Risiken und Vorteile der Operation klar mit dem Patienten besprechen. Bei der Entscheidung f\u00fcr eine Operation sollten der allgemeine Gesundheitszustand des Patienten und die mit der Operation verbundenen Risiken ber\u00fccksichtigt werden.<\/p>\n\n\n\n<p>Bei \u00e4lteren Patienten besteht ein h\u00f6heres Risiko f\u00fcr Nachblutungen, H\u00e4matombildung und Infektionen. Daher sollte der Patient in der postoperativen Phase sorgf\u00e4ltig \u00fcberwacht und Vorkehrungen f\u00fcr m\u00f6gliche Komplikationen getroffen werden. Bei \u00e4lteren Patienten k\u00f6nnen postoperative Schmerzen und Schwellungen l\u00e4nger anhalten. Daher sollte der Patient in der postoperativen Phase ausreichend Unterst\u00fctzung und Pflege erhalten.<\/p>\n\n\n\n<p>Das Alter ist ein wichtiger Faktor, der die Risiken einer Halsstraffung beeinflusst. W\u00e4hrend die Risiken bei j\u00fcngeren Patienten geringer sind, k\u00f6nnen sie bei \u00e4lteren Patienten h\u00f6her sein. Durch eine geeignete Patientenauswahl, eine sorgf\u00e4ltige Operation durch einen erfahrenen Chirurgen und eine sorgf\u00e4ltige postoperative Betreuung k\u00f6nnen die Risiken jedoch minimiert werden. Jeder Patient sollte individuell untersucht und ein personalisierter Behandlungsplan erstellt werden.<\/p>\n\n\n\n<h2 class=\"wp-block-heading\">Optimales Alters- und Erwartungsmanagement<\/h2>\n\n\n\n<p>Das optimale Alter sollte unter Ber\u00fccksichtigung des allgemeinen Gesundheitszustands, der Hautqualit\u00e4t und der Erwartungen des Patienten bestimmt werden. Im Allgemeinen gelten 40 bis 60 Jahre als geeignete Altersgruppe f\u00fcr eine Halsstraffung. Dieser Bereich stellt jedoch keine definitive Grenze dar und jeder Patient sollte individuell untersucht werden.<\/p>\n\n\n\n<p>Es ist wichtig, dass die Erwartungen des Patienten realistisch sind. Eine Halsstraffung kann die Alterung nicht vollst\u00e4ndig aufhalten. Durch die Operation werden Erschlaffungen und Falten im Halsbereich reduziert, was zu einem jugendlicheren und strafferen Aussehen f\u00fchrt. Ein perfektes Ergebnis kann jedoch nicht garantiert werden. Der Chirurg sollte vor der Operation ein ausf\u00fchrliches Gespr\u00e4ch mit dem Patienten f\u00fchren und die Erwartungen des Patienten realistisch einsch\u00e4tzen.<\/p>\n\n\n\n<p>Der postoperative Genesungsprozess kann je nach Alter und allgemeinem Gesundheitszustand des Patienten variieren. Bei \u00e4lteren Patienten kann der Genesungsprozess l\u00e4nger dauern. Der Patient muss die Anweisungen des Chirurgen befolgen und in der postoperativen Phase regelm\u00e4\u00dfig zu Kontrolluntersuchungen gehen. Der Patient sollte \u00fcber m\u00f6gliche Komplikationen in der postoperativen Phase informiert werden.<\/p>\n\n\n\n<p>Aus diesem Grund l\u00e4sst sich das optimale Alter f\u00fcr eine Halsstraffung nicht mit einer genauen Zahl ausdr\u00fccken. Jeder Patient sollte individuell untersucht und ein personalisierter Behandlungsplan erstellt werden. Der geeignetste Zeitpunkt f\u00fcr die Operation sollte unter Ber\u00fccksichtigung des Alters des Patienten, seines allgemeinen Gesundheitszustands, seiner Hautqualit\u00e4t und seiner Erwartungen bestimmt werden. Ein realistisches Erwartungsmanagement ist ein wichtiger Teil des Operationserfolgs.<\/p>\n\n\n\n<p>Eine Halsstraffung ist eine wirksame Methode, um die Auswirkungen des Alterns zu reduzieren. F\u00fcr optimale Ergebnisse ist es jedoch entscheidend, die geeignete Altersspanne zu bestimmen und die Erwartungen der Patienten realistisch einzusch\u00e4tzen. Um einen individuellen Behandlungsplan zu erstellen und m\u00f6gliche Risiken abzusch\u00e4tzen, ist eine ausf\u00fchrliche Beratung durch einen erfahrenen plastischen Chirurgen notwendig.<\/p>\n\n\n\n<p>F\u00fcr mehr und um erfolgreiche Operationsergebnisse zu sehen\u00a0<a href=\"https:\/\/www.instagram.com\/drhikmetihsaneren\/\">Instagram<\/a>\u00a0Besuchen Sie unsere Seite. Kontaktieren Sie uns jetzt, um Ihre Operation zu planen.\u00a0<a href=\"https:\/\/drhikmetihsaneren.com\/de\/kommunikation\/\">Kommunikation<\/a>Gehe zu .<\/p>","protected":false},"excerpt":{"rendered":"<p>Das ideale Alter f\u00fcr eine Halsstraffung (Rhytidoplastik) h\u00e4ngt von der Hautelastizit\u00e4t und den pers\u00f6nlichen Erwartungen ab. Der Artikel {CONTENT} er\u00f6rtert ausf\u00fchrlich die Faktoren, die die Eignung einer Halsstraffung bestimmen, die Risiken und den Genesungsprozess. Zur Bestimmung der genauesten Zeit ist die Meinung eines Experten erforderlich.<\/p>","protected":false},"author":1,"featured_media":14806,"comment_status":"open","ping_status":"open","sticky":false,"template":"","format":"standard","meta":{"content-type":"","inline_featured_image":false,"footnotes":""},"categories":[129],"tags":[],"class_list":["post-318","post","type-post","status-publish","format-standard","has-post-thumbnail","hentry","category-boyun-germe"],"yoast_head":"<!-- This site is optimized with the Yoast SEO plugin v27.5 - https:\/\/yoast.com\/product\/yoast-seo-wordpress\/ -->\n<title>Boyun germe i\u00e7in en uygun ya\u015f nedir? - Op. Hikmet \u0130hsan Eren<\/title>\n<meta name=\"description\" content=\"Boyun germe ameliyat\u0131 i\u00e7in ideal ya\u015f aral\u0131\u011f\u0131n\u0131 ve fakt\u00f6rleri \u00f6\u011frenin. Gen\u00e7 ve din\u00e7 bir boyun g\u00f6r\u00fcn\u00fcm\u00fc i\u00e7in en uygun zaman\u0131 ke\u015ffedin.\" \/>\n<meta name=\"robots\" content=\"index, follow, max-snippet:-1, max-image-preview:large, max-video-preview:-1\" \/>\n<link rel=\"canonical\" href=\"https:\/\/drhikmetihsaneren.com\/de\/welches-ist-das-beste-alter-fur-ein-halslifting\/\" \/>\n<meta property=\"og:locale\" content=\"de_DE\" \/>\n<meta property=\"og:type\" content=\"article\" \/>\n<meta property=\"og:title\" content=\"Boyun germe i\u00e7in en uygun ya\u015f nedir? - Op. Hikmet \u0130hsan Eren\" \/>\n<meta property=\"og:description\" content=\"Boyun germe ameliyat\u0131 i\u00e7in ideal ya\u015f aral\u0131\u011f\u0131n\u0131 ve fakt\u00f6rleri \u00f6\u011frenin. Gen\u00e7 ve din\u00e7 bir boyun g\u00f6r\u00fcn\u00fcm\u00fc i\u00e7in en uygun zaman\u0131 ke\u015ffedin.\" \/>\n<meta property=\"og:url\" content=\"https:\/\/drhikmetihsaneren.com\/de\/welches-ist-das-beste-alter-fur-ein-halslifting\/\" \/>\n<meta property=\"og:site_name\" content=\"Op. Hikmet \u0130hsan Eren\" \/>\n<meta property=\"article:published_time\" content=\"2025-02-04T07:46:16+00:00\" \/>\n<meta property=\"article:modified_time\" content=\"2025-03-20T08:12:34+00:00\" \/>\n<meta property=\"og:image\" content=\"https:\/\/drhikmetihsaneren.com\/wp-content\/uploads\/2025\/03\/image-1024x559.png\" \/>\n\t<meta property=\"og:image:width\" content=\"1024\" \/>\n\t<meta property=\"og:image:height\" content=\"559\" \/>\n\t<meta property=\"og:image:type\" content=\"image\/png\" \/>\n<meta name=\"author\" content=\"admin\" \/>\n<meta name=\"twitter:card\" content=\"summary_large_image\" \/>\n<meta name=\"twitter:label1\" content=\"Verfasst von\" \/>\n\t<meta name=\"twitter:data1\" content=\"admin\" \/>\n\t<meta name=\"twitter:label2\" content=\"Gesch\u00e4tzte Lesezeit\" \/>\n\t<meta name=\"twitter:data2\" content=\"7\u00a0Minuten\" \/>\n<script type=\"application\/ld+json\" class=\"yoast-schema-graph\">{\"@context\":\"https:\\\/\\\/schema.org\",\"@graph\":[{\"@type\":\"Article\",\"@id\":\"https:\\\/\\\/drhikmetihsaneren.com\\\/boyun-germe-icin-en-uygun-yas-nedir\\\/#article\",\"isPartOf\":{\"@id\":\"https:\\\/\\\/drhikmetihsaneren.com\\\/boyun-germe-icin-en-uygun-yas-nedir\\\/\"},\"author\":{\"name\":\"admin\",\"@id\":\"https:\\\/\\\/drhikmetihsaneren.com\\\/#\\\/schema\\\/person\\\/ead3a6bcc737ac7017cb2de6e23f5ea4\"},\"headline\":\"Boyun germe i\u00e7in en uygun ya\u015f nedir?\",\"datePublished\":\"2025-02-04T07:46:16+00:00\",\"dateModified\":\"2025-03-20T08:12:34+00:00\",\"mainEntityOfPage\":{\"@id\":\"https:\\\/\\\/drhikmetihsaneren.com\\\/boyun-germe-icin-en-uygun-yas-nedir\\\/\"},\"wordCount\":1433,\"commentCount\":0,\"image\":{\"@id\":\"https:\\\/\\\/drhikmetihsaneren.com\\\/boyun-germe-icin-en-uygun-yas-nedir\\\/#primaryimage\"},\"thumbnailUrl\":\"https:\\\/\\\/drhikmetihsaneren.com\\\/wp-content\\\/uploads\\\/2025\\\/03\\\/image.png\",\"articleSection\":[\"Boyun Germe\"],\"inLanguage\":\"de\",\"potentialAction\":[{\"@type\":\"CommentAction\",\"name\":\"Comment\",\"target\":[\"https:\\\/\\\/drhikmetihsaneren.com\\\/boyun-germe-icin-en-uygun-yas-nedir\\\/#respond\"]}]},{\"@type\":\"WebPage\",\"@id\":\"https:\\\/\\\/drhikmetihsaneren.com\\\/boyun-germe-icin-en-uygun-yas-nedir\\\/\",\"url\":\"https:\\\/\\\/drhikmetihsaneren.com\\\/boyun-germe-icin-en-uygun-yas-nedir\\\/\",\"name\":\"Boyun germe i\u00e7in en uygun ya\u015f nedir? - Op. Hikmet \u0130hsan Eren\",\"isPartOf\":{\"@id\":\"https:\\\/\\\/drhikmetihsaneren.com\\\/#website\"},\"primaryImageOfPage\":{\"@id\":\"https:\\\/\\\/drhikmetihsaneren.com\\\/boyun-germe-icin-en-uygun-yas-nedir\\\/#primaryimage\"},\"image\":{\"@id\":\"https:\\\/\\\/drhikmetihsaneren.com\\\/boyun-germe-icin-en-uygun-yas-nedir\\\/#primaryimage\"},\"thumbnailUrl\":\"https:\\\/\\\/drhikmetihsaneren.com\\\/wp-content\\\/uploads\\\/2025\\\/03\\\/image.png\",\"datePublished\":\"2025-02-04T07:46:16+00:00\",\"dateModified\":\"2025-03-20T08:12:34+00:00\",\"author\":{\"@id\":\"https:\\\/\\\/drhikmetihsaneren.com\\\/#\\\/schema\\\/person\\\/ead3a6bcc737ac7017cb2de6e23f5ea4\"},\"description\":\"Boyun germe ameliyat\u0131 i\u00e7in ideal ya\u015f aral\u0131\u011f\u0131n\u0131 ve fakt\u00f6rleri \u00f6\u011frenin. Gen\u00e7 ve din\u00e7 bir boyun g\u00f6r\u00fcn\u00fcm\u00fc i\u00e7in en uygun zaman\u0131 ke\u015ffedin.\",\"breadcrumb\":{\"@id\":\"https:\\\/\\\/drhikmetihsaneren.com\\\/boyun-germe-icin-en-uygun-yas-nedir\\\/#breadcrumb\"},\"inLanguage\":\"de\",\"potentialAction\":[{\"@type\":\"ReadAction\",\"target\":[\"https:\\\/\\\/drhikmetihsaneren.com\\\/boyun-germe-icin-en-uygun-yas-nedir\\\/\"]}]},{\"@type\":\"ImageObject\",\"inLanguage\":\"de\",\"@id\":\"https:\\\/\\\/drhikmetihsaneren.com\\\/boyun-germe-icin-en-uygun-yas-nedir\\\/#primaryimage\",\"url\":\"https:\\\/\\\/drhikmetihsaneren.com\\\/wp-content\\\/uploads\\\/2025\\\/03\\\/image.png\",\"contentUrl\":\"https:\\\/\\\/drhikmetihsaneren.com\\\/wp-content\\\/uploads\\\/2025\\\/03\\\/image.png\",\"width\":1408,\"height\":768,\"caption\":\"Boyun germe i\u00e7in en uygun ya\u015f nedir?\"},{\"@type\":\"BreadcrumbList\",\"@id\":\"https:\\\/\\\/drhikmetihsaneren.com\\\/boyun-germe-icin-en-uygun-yas-nedir\\\/#breadcrumb\",\"itemListElement\":[{\"@type\":\"ListItem\",\"position\":1,\"name\":\"Anasayfa\",\"item\":\"https:\\\/\\\/drhikmetihsaneren.com\\\/\"},{\"@type\":\"ListItem\",\"position\":2,\"name\":\"Boyun germe i\u00e7in en uygun ya\u015f nedir?\"}]},{\"@type\":\"WebSite\",\"@id\":\"https:\\\/\\\/drhikmetihsaneren.com\\\/#website\",\"url\":\"https:\\\/\\\/drhikmetihsaneren.com\\\/\",\"name\":\"Op. Hikmet \u0130hsan Eren\",\"description\":\"Estetik Cerrahi\",\"potentialAction\":[{\"@type\":\"SearchAction\",\"target\":{\"@type\":\"EntryPoint\",\"urlTemplate\":\"https:\\\/\\\/drhikmetihsaneren.com\\\/?s={search_term_string}\"},\"query-input\":{\"@type\":\"PropertyValueSpecification\",\"valueRequired\":true,\"valueName\":\"search_term_string\"}}],\"inLanguage\":\"de\"},{\"@type\":\"Person\",\"@id\":\"https:\\\/\\\/drhikmetihsaneren.com\\\/#\\\/schema\\\/person\\\/ead3a6bcc737ac7017cb2de6e23f5ea4\",\"name\":\"admin\",\"image\":{\"@type\":\"ImageObject\",\"inLanguage\":\"de\",\"@id\":\"https:\\\/\\\/drhikmetihsaneren.com\\\/wp-content\\\/litespeed\\\/avatar\\\/e103683e0c7e21e1fe27206d385cb424.jpg?ver=1776871647\",\"url\":\"https:\\\/\\\/drhikmetihsaneren.com\\\/wp-content\\\/litespeed\\\/avatar\\\/e103683e0c7e21e1fe27206d385cb424.jpg?ver=1776871647\",\"contentUrl\":\"https:\\\/\\\/drhikmetihsaneren.com\\\/wp-content\\\/litespeed\\\/avatar\\\/e103683e0c7e21e1fe27206d385cb424.jpg?ver=1776871647\",\"caption\":\"admin\"},\"sameAs\":[\"https:\\\/\\\/drhikmetihsaneren.com\"],\"url\":\"https:\\\/\\\/drhikmetihsaneren.com\\\/de\\\/author\\\/admin\\\/\"}]}<\/script>\n<!-- \/ Yoast SEO plugin. -->","yoast_head_json":{"title":"Welches ist das beste Alter f\u00fcr ein Halslifting? - Op. Hikmet Ihsan Eren","description":"Informieren Sie sich \u00fcber die ideale Altersspanne und die Faktoren f\u00fcr eine Halsstraffung. Entdecken Sie den besten Zeitpunkt f\u00fcr ein jugendliches und gesundes Aussehen Ihres Halses.","robots":{"index":"index","follow":"follow","max-snippet":"max-snippet:-1","max-image-preview":"max-image-preview:large","max-video-preview":"max-video-preview:-1"},"canonical":"https:\/\/drhikmetihsaneren.com\/de\/welches-ist-das-beste-alter-fur-ein-halslifting\/","og_locale":"de_DE","og_type":"article","og_title":"Boyun germe i\u00e7in en uygun ya\u015f nedir? - Op. Hikmet \u0130hsan Eren","og_description":"Boyun germe ameliyat\u0131 i\u00e7in ideal ya\u015f aral\u0131\u011f\u0131n\u0131 ve fakt\u00f6rleri \u00f6\u011frenin. Gen\u00e7 ve din\u00e7 bir boyun g\u00f6r\u00fcn\u00fcm\u00fc i\u00e7in en uygun zaman\u0131 ke\u015ffedin.","og_url":"https:\/\/drhikmetihsaneren.com\/de\/welches-ist-das-beste-alter-fur-ein-halslifting\/","og_site_name":"Op. Hikmet \u0130hsan Eren","article_published_time":"2025-02-04T07:46:16+00:00","article_modified_time":"2025-03-20T08:12:34+00:00","og_image":[{"width":1024,"height":559,"url":"https:\/\/drhikmetihsaneren.com\/wp-content\/uploads\/2025\/03\/image-1024x559.png","type":"image\/png"}],"author":"admin","twitter_card":"summary_large_image","twitter_misc":{"Verfasst von":"admin","Gesch\u00e4tzte Lesezeit":"7\u00a0Minuten"},"schema":{"@context":"https:\/\/schema.org","@graph":[{"@type":"Article","@id":"https:\/\/drhikmetihsaneren.com\/boyun-germe-icin-en-uygun-yas-nedir\/#article","isPartOf":{"@id":"https:\/\/drhikmetihsaneren.com\/boyun-germe-icin-en-uygun-yas-nedir\/"},"author":{"name":"admin","@id":"https:\/\/drhikmetihsaneren.com\/#\/schema\/person\/ead3a6bcc737ac7017cb2de6e23f5ea4"},"headline":"Boyun germe i\u00e7in en uygun ya\u015f nedir?","datePublished":"2025-02-04T07:46:16+00:00","dateModified":"2025-03-20T08:12:34+00:00","mainEntityOfPage":{"@id":"https:\/\/drhikmetihsaneren.com\/boyun-germe-icin-en-uygun-yas-nedir\/"},"wordCount":1433,"commentCount":0,"image":{"@id":"https:\/\/drhikmetihsaneren.com\/boyun-germe-icin-en-uygun-yas-nedir\/#primaryimage"},"thumbnailUrl":"https:\/\/drhikmetihsaneren.com\/wp-content\/uploads\/2025\/03\/image.png","articleSection":["Boyun Germe"],"inLanguage":"de","potentialAction":[{"@type":"CommentAction","name":"Comment","target":["https:\/\/drhikmetihsaneren.com\/boyun-germe-icin-en-uygun-yas-nedir\/#respond"]}]},{"@type":"WebPage","@id":"https:\/\/drhikmetihsaneren.com\/boyun-germe-icin-en-uygun-yas-nedir\/","url":"https:\/\/drhikmetihsaneren.com\/boyun-germe-icin-en-uygun-yas-nedir\/","name":"Welches ist das beste Alter f\u00fcr ein Halslifting? - Op. Hikmet Ihsan Eren","isPartOf":{"@id":"https:\/\/drhikmetihsaneren.com\/#website"},"primaryImageOfPage":{"@id":"https:\/\/drhikmetihsaneren.com\/boyun-germe-icin-en-uygun-yas-nedir\/#primaryimage"},"image":{"@id":"https:\/\/drhikmetihsaneren.com\/boyun-germe-icin-en-uygun-yas-nedir\/#primaryimage"},"thumbnailUrl":"https:\/\/drhikmetihsaneren.com\/wp-content\/uploads\/2025\/03\/image.png","datePublished":"2025-02-04T07:46:16+00:00","dateModified":"2025-03-20T08:12:34+00:00","author":{"@id":"https:\/\/drhikmetihsaneren.com\/#\/schema\/person\/ead3a6bcc737ac7017cb2de6e23f5ea4"},"description":"Informieren Sie sich \u00fcber die ideale Altersspanne und die Faktoren f\u00fcr eine Halsstraffung. Entdecken Sie den besten Zeitpunkt f\u00fcr ein jugendliches und gesundes Aussehen Ihres Halses.","breadcrumb":{"@id":"https:\/\/drhikmetihsaneren.com\/boyun-germe-icin-en-uygun-yas-nedir\/#breadcrumb"},"inLanguage":"de","potentialAction":[{"@type":"ReadAction","target":["https:\/\/drhikmetihsaneren.com\/boyun-germe-icin-en-uygun-yas-nedir\/"]}]},{"@type":"ImageObject","inLanguage":"de","@id":"https:\/\/drhikmetihsaneren.com\/boyun-germe-icin-en-uygun-yas-nedir\/#primaryimage","url":"https:\/\/drhikmetihsaneren.com\/wp-content\/uploads\/2025\/03\/image.png","contentUrl":"https:\/\/drhikmetihsaneren.com\/wp-content\/uploads\/2025\/03\/image.png","width":1408,"height":768,"caption":"Boyun germe i\u00e7in en uygun ya\u015f nedir?"},{"@type":"BreadcrumbList","@id":"https:\/\/drhikmetihsaneren.com\/boyun-germe-icin-en-uygun-yas-nedir\/#breadcrumb","itemListElement":[{"@type":"ListItem","position":1,"name":"Anasayfa","item":"https:\/\/drhikmetihsaneren.com\/"},{"@type":"ListItem","position":2,"name":"Boyun germe i\u00e7in en uygun ya\u015f nedir?"}]},{"@type":"WebSite","@id":"https:\/\/drhikmetihsaneren.com\/#website","url":"https:\/\/drhikmetihsaneren.com\/","name":"Kuss. Hikmet \u0130hsan Eren","description":"Plastische Chirurgie","potentialAction":[{"@type":"SearchAction","target":{"@type":"EntryPoint","urlTemplate":"https:\/\/drhikmetihsaneren.com\/?s={search_term_string}"},"query-input":{"@type":"PropertyValueSpecification","valueRequired":true,"valueName":"search_term_string"}}],"inLanguage":"de"},{"@type":"Person","@id":"https:\/\/drhikmetihsaneren.com\/#\/schema\/person\/ead3a6bcc737ac7017cb2de6e23f5ea4","name":"Administrator","image":{"@type":"ImageObject","inLanguage":"de","@id":"https:\/\/drhikmetihsaneren.com\/wp-content\/litespeed\/avatar\/e103683e0c7e21e1fe27206d385cb424.jpg?ver=1776871647","url":"https:\/\/drhikmetihsaneren.com\/wp-content\/litespeed\/avatar\/e103683e0c7e21e1fe27206d385cb424.jpg?ver=1776871647","contentUrl":"https:\/\/drhikmetihsaneren.com\/wp-content\/litespeed\/avatar\/e103683e0c7e21e1fe27206d385cb424.jpg?ver=1776871647","caption":"admin"},"sameAs":["https:\/\/drhikmetihsaneren.com"],"url":"https:\/\/drhikmetihsaneren.com\/de\/author\/admin\/"}]}},"_links":{"self":[{"href":"https:\/\/drhikmetihsaneren.com\/de\/wp-json\/wp\/v2\/posts\/318","targetHints":{"allow":["GET"]}}],"collection":[{"href":"https:\/\/drhikmetihsaneren.com\/de\/wp-json\/wp\/v2\/posts"}],"about":[{"href":"https:\/\/drhikmetihsaneren.com\/de\/wp-json\/wp\/v2\/types\/post"}],"author":[{"embeddable":true,"href":"https:\/\/drhikmetihsaneren.com\/de\/wp-json\/wp\/v2\/users\/1"}],"replies":[{"embeddable":true,"href":"https:\/\/drhikmetihsaneren.com\/de\/wp-json\/wp\/v2\/comments?post=318"}],"version-history":[{"count":1,"href":"https:\/\/drhikmetihsaneren.com\/de\/wp-json\/wp\/v2\/posts\/318\/revisions"}],"predecessor-version":[{"id":14808,"href":"https:\/\/drhikmetihsaneren.com\/de\/wp-json\/wp\/v2\/posts\/318\/revisions\/14808"}],"wp:featuredmedia":[{"embeddable":true,"href":"https:\/\/drhikmetihsaneren.com\/de\/wp-json\/wp\/v2\/media\/14806"}],"wp:attachment":[{"href":"https:\/\/drhikmetihsaneren.com\/de\/wp-json\/wp\/v2\/media?parent=318"}],"wp:term":[{"taxonomy":"category","embeddable":true,"href":"https:\/\/drhikmetihsaneren.com\/de\/wp-json\/wp\/v2\/categories?post=318"},{"taxonomy":"post_tag","embeddable":true,"href":"https:\/\/drhikmetihsaneren.com\/de\/wp-json\/wp\/v2\/tags?post=318"}],"curies":[{"name":"wp","href":"https:\/\/api.w.org\/{rel}","templated":true}]}}