{"id":326,"date":"2025-01-11T22:35:53","date_gmt":"2025-01-11T19:35:53","guid":{"rendered":"https:\/\/writer.e42art.com\/?p=326"},"modified":"2025-02-01T23:25:45","modified_gmt":"2025-02-01T20:25:45","slug":"wie-viel-kostet-ein-face-und-necklifting-in-grosbritannien","status":"publish","type":"post","link":"https:\/\/drhikmetihsaneren.com\/de\/wie-viel-kostet-ein-face-und-necklifting-in-grosbritannien\/","title":{"rendered":"Wie viel kostet ein Face- und Necklifting in Gro\u00dfbritannien?"},"content":{"rendered":"<p>Gesichts- und Halsstraffungen sind beliebte kosmetische chirurgische Eingriffe, um die Auswirkungen der Alterung zu verringern und ein jugendlicheres Aussehen zu erreichen. Die Kosten des Verfahrens variieren und h\u00e4ngen von vielen Faktoren ab. In diesem Artikel werden wir uns im Detail mit den Faktoren befassen, die die Kosten eines Facelifts und eines Halsliftings in Gro\u00dfbritannien beeinflussen, sowie mit den Preisspannen und zus\u00e4tzlichen Kosten.<\/p>\n\n\n\n<figure class=\"wp-block-image size-full\"><img fetchpriority=\"high\" decoding=\"async\" width=\"800\" height=\"600\" src=\"https:\/\/drhikmetihsaneren.com\/wp-content\/uploads\/2025\/02\/image-8.png\" alt=\"\" class=\"wp-image-14794\" srcset=\"https:\/\/drhikmetihsaneren.com\/wp-content\/uploads\/2025\/02\/image-8.png 800w, https:\/\/drhikmetihsaneren.com\/wp-content\/uploads\/2025\/02\/image-8-768x576.png 768w, https:\/\/drhikmetihsaneren.com\/wp-content\/uploads\/2025\/02\/image-8-16x12.png 16w\" sizes=\"(max-width: 800px) 100vw, 800px\" \/><\/figure>\n\n\n\n<h2 class=\"wp-block-heading\">Face- und Necklift: Kostenfaktoren<\/h2>\n\n\n\n<p>Es gibt viele Faktoren, die die Kosten eines Face- und Necklifts bestimmen. Hierzu geh\u00f6ren das Alter des Patienten, der Hauttyp, der Grad der vorhandenen Hauterschlaffung, das Ausma\u00df des chirurgischen Eingriffs und die Erfahrung des Chirurgen. Ein umfangreicherer Eingriff erfordert mehr Operationszeit und verursacht somit h\u00f6here Kosten. Ob es sich beispielsweise nur um ein Facelift handelt oder ob auch ein Halslifting dazu geh\u00f6rt oder gar ob noch weitere Eingriffe wie eine Lidstraffung hinzukommen, wirkt sich direkt auf die Kosten aus. Auch die Hautqualit\u00e4t und der Grad der Erschlaffung beeinflussen die Komplexit\u00e4t und Dauer des Eingriffs, was zu h\u00f6heren Kosten f\u00fchren kann. Schlie\u00dflich spielen das Fachgebiet und die Erfahrung des Chirurgen eine gro\u00dfe Rolle bei der Preisgestaltung. Erfahrenere Chirurgen verlangen normalerweise h\u00f6here Geb\u00fchren.<\/p>\n\n\n\n<h2 class=\"wp-block-heading\">Preisspanne und Varianten in Gro\u00dfbritannien<\/h2>\n\n\n\n<p>Die Kosten f\u00fcr ein Gesichts- und Halslifting liegen in Gro\u00dfbritannien normalerweise zwischen 8.000 und 15.000 \u00a3. Diese gro\u00dfe Preisspanne ist auf eine Kombination der oben genannten Faktoren zur\u00fcckzuf\u00fchren. Je gr\u00f6\u00dfer der Umfang der Transaktion, desto h\u00f6her sind die Kosten. Beispielsweise ist ein alleiniges Facelifting g\u00fcnstiger als ein Eingriff, der sowohl ein Facelifting als auch ein Halslifting umfasst. Dar\u00fcber hinaus k\u00f6nnen auch der Standort des Chirurgen und das Ansehen der Klinik den Preis beeinflussen. Renommierte Kliniken in Gro\u00dfst\u00e4dten wie London verlangen m\u00f6glicherweise h\u00f6here Preise. Der Preis sollte jedoch nicht blo\u00df ein Kostenindikator sein; Auch die Erfahrung und der Erfolg des Operateurs sollten ber\u00fccksichtigt werden.<\/p>\n\n\n\n<p>In England <strong>Gesichts- und Halsstraffung (Rhytidektomie)<\/strong> Die Kosten variieren je nach Standort der Klinik, Erfahrung des Chirurgen und Umfang des Eingriffs. Hier ist eine detaillierte Analyse:<\/p>\n\n\n\n<hr class=\"wp-block-separator has-alpha-channel-opacity\"\/>\n\n\n\n<h3 class=\"wp-block-heading\"><strong>Kosten f\u00fcr Gesichts- und Halsstraffungen in Gro\u00dfbritannien (2023)<\/strong><\/h3>\n\n\n\n<figure class=\"wp-block-table\"><table class=\"has-fixed-layout\"><thead><tr><th><strong>Kriterium<\/strong><\/th><th><strong>Durchschnittliche Kostenspanne<\/strong><\/th><th><strong>Detail<\/strong><\/th><\/tr><\/thead><tbody><tr><td><strong>Grundlegende Vorgehensweise<\/strong><\/td><td>7.000 \u00a3 \u2013 12.000 \u00a3<\/td><td>Standard-Gesichts- und Halsstraffung (einschlie\u00dflich An\u00e4sthesie und Klinikgeb\u00fchren).<\/td><\/tr><tr><td><strong>Premium-Kliniken<\/strong><\/td><td>\u00a312.000 \u2013 \u00a320.000+<\/td><td>Gilt f\u00fcr ber\u00fchmte Chirurgen oder Luxuskliniken in Gro\u00dfst\u00e4dten wie London.<\/td><\/tr><tr><td><strong>Zusatzkosten<\/strong><\/td><td>\u00a3500 \u2013 \u00a32.000+<\/td><td>Zus\u00e4tzliche Kosten wie Narkose, Medikamente, Unterkunft oder Nachsorge.<\/td><\/tr><\/tbody><\/table><\/figure>\n\n\n\n<hr class=\"wp-block-separator has-alpha-channel-opacity\"\/>\n\n\n\n<h3 class=\"wp-block-heading\"><strong>Faktoren, die den Preis beeinflussen:<\/strong><\/h3>\n\n\n\n<ol class=\"wp-block-list\">\n<li><strong>Erfahrung des Chirurgen:<\/strong><\/li>\n<\/ol>\n\n\n\n<ul class=\"wp-block-list\">\n<li>Renommierte Chirurgen oder Fachchirurgen verlangen oft h\u00f6here Honorare (z. B. \u00fcber 15.000 \u00a3 in London).<\/li>\n\n\n\n<li>NHS (\u00f6ffentliche Krankenh\u00e4user) f\u00fchren dieses Verfahren durch <strong>f\u00fcr kosmetische Zwecke<\/strong> tut es nicht; Dies ist nur in privaten Kliniken m\u00f6glich.<\/li>\n<\/ul>\n\n\n\n<ol class=\"wp-block-list\">\n<li><strong>Standort der Klinik:<\/strong><\/li>\n<\/ol>\n\n\n\n<ul class=\"wp-block-list\">\n<li>In gr\u00f6\u00dferen St\u00e4dten wie London und Birmingham sind die Kosten h\u00f6her (10.000\u201320.000 \u00a3).<\/li>\n\n\n\n<li>In kleineren St\u00e4dten sind die Preise g\u00fcnstiger (7.000\u201310.000\u00a0\u00a3).<\/li>\n<\/ul>\n\n\n\n<ol class=\"wp-block-list\">\n<li><strong>Umfang des Verfahrens:<\/strong><\/li>\n<\/ol>\n\n\n\n<ul class=\"wp-block-list\">\n<li>Nur Facelift: 6.000\u201310.000 \u00a3.<\/li>\n\n\n\n<li>Kombination aus Gesichts- und Halsstraffung: 8.000\u201315.000 \u00a3.<\/li>\n\n\n\n<li>Minimalinvasive Techniken wie Fadenliftings sind m\u00f6glicherweise g\u00fcnstiger (3.000\u20136.000\u00a0\u00a3), halten aber k\u00fcrzer.<\/li>\n<\/ul>\n\n\n\n<hr class=\"wp-block-separator has-alpha-channel-opacity\"\/>\n\n\n\n<h3 class=\"wp-block-heading\"><strong>T\u00fcrkei vs. Gro\u00dfbritannien-Vergleich:<\/strong><\/h3>\n\n\n\n<figure class=\"wp-block-table\"><table class=\"has-fixed-layout\"><thead><tr><th><strong>Land<\/strong><\/th><th><strong>Durchschnittskosten<\/strong><\/th><th><strong>Vorteile<\/strong><\/th><th><strong>Nachteile<\/strong><\/th><\/tr><\/thead><tbody><tr><td><strong>England<\/strong><\/td><td>7.000 \u00a3 \u2013 20.000 \u00a3<\/td><td>Hoher Anspruch, Sprachvorteil (Englisch).<\/td><td>Die Kosten sind sehr hoch.<\/td><\/tr><tr><td><strong>T\u00fcrkei<\/strong><\/td><td>2.500 \u00a3 \u2013 5.000 \u00a3 (\u20ba)<\/td><td>%50-70 daha uygun, all-inclusive paketler.<\/td><td>Reise- und \u00dcbernachtungskosten extra.<\/td><\/tr><\/tbody><\/table><\/figure>\n\n\n\n<hr class=\"wp-block-separator has-alpha-channel-opacity\"\/>\n\n\n\n<h3 class=\"wp-block-heading\"><strong>Zu ber\u00fccksichtigende Punkte:<\/strong><\/h3>\n\n\n\n<ul class=\"wp-block-list\">\n<li><strong>Finanzierungsm\u00f6glichkeiten:<\/strong> Einige private Kliniken bieten Ratenzahlungspl\u00e4ne an.<\/li>\n\n\n\n<li><strong>Qualit\u00e4tskontrolle:<\/strong> Chirurgen in England <strong>GMC (Allgemeiner Medizinischer Rat)<\/strong> muss angemeldet werden.<\/li>\n\n\n\n<li><strong>Beratungshonorar:<\/strong> Die Kosten f\u00fcr eine Erstberatung betragen in der Regel zwischen 100 und 300 \u00a3.<\/li>\n<\/ul>\n\n\n\n<hr class=\"wp-block-separator has-alpha-channel-opacity\"\/>\n\n\n\n<h3 class=\"wp-block-heading\"><strong>Abschluss:<\/strong><\/h3>\n\n\n\n<p>Gesichts- und Halsstraffung in Gro\u00dfbritannien <strong>durchschnittlich 7.000\u201315.000\u00a0\u00a3<\/strong> variiert zwischen. Obwohl die Kosten im Vergleich zu Europa und den USA h\u00f6her sind, sprechen die einfache Sprache und die strengen medizinischen Standards f\u00fcr eine Bevorzugung. F\u00fcr wirtschaftliche Alternativen <strong>T\u00fcrkei <\/strong>Sie k\u00f6nnen All-Inclusive-Pakete in L\u00e4ndern wie diesen bewerten.<\/p>\n\n\n\n<h2 class=\"wp-block-heading\">Auswahl des Chirurgen und die Auswirkungen der Kosten<\/h2>\n\n\n\n<p>Die Wahl des Chirurgen wirkt sich direkt auf die Kosten eines Face- und Necklifts aus. Ein renommierter und erfahrener Chirurg wird h\u00f6here Honorare verlangen. Diese h\u00f6here Geb\u00fchr bedeutet jedoch normalerweise bessere Ergebnisse und ein geringeres Risiko. Es ist wichtig, das Fachgebiet des Chirurgen, seine Erfolgsquoten und die Patientenbewertungen sorgf\u00e4ltig zu recherchieren. Beim Preisvergleich ist es notwendig, nicht nur auf die Kosten, sondern auch auf die Qualifikation und Erfahrung des Chirurgen zu achten. Ein billiges Verfahren kann zu Ergebnissen von geringerer Qualit\u00e4t oder h\u00f6heren Risiken f\u00fchren. Daher ist es wichtig, ein Gleichgewicht zwischen Preis und Qualit\u00e4t zu finden.<\/p>\n\n\n\n<h2 class=\"wp-block-heading\">Zus\u00e4tzliche Geb\u00fchren und Gesamttransaktionskosten<\/h2>\n\n\n\n<p>Um die Gesamtkosten eines Facelifts und Halsliftings zu berechnen, m\u00fcssen neben den Operationskosten einige zus\u00e4tzliche Kosten ber\u00fccksichtigt werden. Hierzu k\u00f6nnen An\u00e4sthesiekosten, Krankenhaus- oder Klinikgeb\u00fchren, Medikamente und Nachuntersuchungen geh\u00f6ren. Dar\u00fcber hinaus k\u00f6nnen zus\u00e4tzliche Kosten f\u00fcr Spezialkleidung oder andere Hilfsmittel entstehen, die f\u00fcr die postoperative Pflege und Genesung ben\u00f6tigt werden. Diese zus\u00e4tzlichen Geb\u00fchren k\u00f6nnen die Gesamtkosten erheblich erh\u00f6hen. Daher ist es wichtig, alle Kosten im Detail zu kennen und vor der Transaktion ein Budget zu erstellen. Ein klares Angebot, das alle Kosten abdeckt, hilft Ihnen, unerwartete finanzielle \u00dcberraschungen zu vermeiden.<\/p>\n\n\n\n<p>Die Kosten f\u00fcr ein Face- und Necklifting variieren und sind von vielen Faktoren abh\u00e4ngig. Vor dem Eingriff ist es wichtig, die m\u00f6glichen Kosten sorgf\u00e4ltig abzuw\u00e4gen, einen erfahrenen Chirurgen auszuw\u00e4hlen und einen Kostenvoranschlag einzuholen, der alle Kosten abdeckt. Konzentrieren Sie sich nicht nur auf die Kosten, sondern auch auf die Erfahrung des Chirurgen, seine Erfolgsquoten und die Patientenbewertungen, um eine fundierte Entscheidung zu treffen.<\/p>\n\n\n\n<p>F\u00fcr mehr und um erfolgreiche Operationsergebnisse zu sehen\u00a0<a href=\"https:\/\/www.instagram.com\/drhikmetihsaneren\/\">Instagram<\/a>\u00a0Besuchen Sie unsere Seite. Kontaktieren Sie uns jetzt, um Ihre Operation zu planen.\u00a0<a href=\"https:\/\/drhikmetihsaneren.com\/de\/kommunikation\/\">Kommunikation<\/a>Gehe zu .<\/p>\n\n\n\n<p><\/p>","protected":false},"excerpt":{"rendered":"<p>Die Kosten f\u00fcr Gesichts- und Halsstraffungen in Gro\u00dfbritannien variieren je nach Erfahrung des Chirurgen, dem Standort der Klinik und der verwendeten Technik. {CONTENT} erl\u00e4utert detaillierte Preisinformationen, verschiedene Optionen und den Behandlungsablauf. Lesen Sie unseren Artikel f\u00fcr eine informative und umfassende Anleitung.<\/p>","protected":false},"author":1,"featured_media":14795,"comment_status":"open","ping_status":"open","sticky":false,"template":"","format":"standard","meta":{"content-type":"","inline_featured_image":false,"footnotes":""},"categories":[129],"tags":[],"class_list":["post-326","post","type-post","status-publish","format-standard","has-post-thumbnail","hentry","category-boyun-germe"],"yoast_head":"<!-- This site is optimized with the Yoast SEO plugin v27.5 - https:\/\/yoast.com\/product\/yoast-seo-wordpress\/ -->\n<title>Y\u00fcz ve boyun germe i\u015fleminin \u0130ngiltere&#039;de maliyeti ne kadar? - Op. Hikmet \u0130hsan Eren<\/title>\n<meta name=\"robots\" content=\"index, follow, max-snippet:-1, max-image-preview:large, max-video-preview:-1\" \/>\n<link rel=\"canonical\" href=\"https:\/\/drhikmetihsaneren.com\/de\/wie-viel-kostet-ein-face-und-necklifting-in-grosbritannien\/\" \/>\n<meta property=\"og:locale\" content=\"de_DE\" \/>\n<meta property=\"og:type\" content=\"article\" \/>\n<meta property=\"og:title\" content=\"Y\u00fcz ve boyun germe i\u015fleminin \u0130ngiltere&#039;de maliyeti ne kadar? - Op. Hikmet \u0130hsan Eren\" \/>\n<meta property=\"og:description\" content=\"Y\u00fcz ve boyun germe ameliyat\u0131n\u0131n \u0130ngiltere&#039;deki maliyeti, cerrah\u0131n deneyimine, klini\u011fin konumuna ve uygulanan tekni\u011fe g\u00f6re de\u011fi\u015fir. {CONTENT} detayl\u0131 fiyat bilgisi, farkl\u0131 se\u00e7enekleri ve tedavi s\u00fcrecini a\u00e7\u0131kl\u0131yor. Bilgilendirici ve kapsaml\u0131 bir rehber i\u00e7in makalemizi okuyun.\" \/>\n<meta property=\"og:url\" content=\"https:\/\/drhikmetihsaneren.com\/de\/wie-viel-kostet-ein-face-und-necklifting-in-grosbritannien\/\" \/>\n<meta property=\"og:site_name\" content=\"Op. Hikmet \u0130hsan Eren\" \/>\n<meta property=\"article:published_time\" content=\"2025-01-11T19:35:53+00:00\" \/>\n<meta property=\"article:modified_time\" content=\"2025-02-01T20:25:45+00:00\" \/>\n<meta property=\"og:image\" content=\"https:\/\/drhikmetihsaneren.com\/wp-content\/uploads\/2025\/02\/image-9.png\" \/>\n\t<meta property=\"og:image:width\" content=\"977\" \/>\n\t<meta property=\"og:image:height\" content=\"608\" \/>\n\t<meta property=\"og:image:type\" content=\"image\/png\" \/>\n<meta name=\"author\" content=\"admin\" \/>\n<meta name=\"twitter:card\" content=\"summary_large_image\" \/>\n<meta name=\"twitter:label1\" content=\"Verfasst von\" \/>\n\t<meta name=\"twitter:data1\" content=\"admin\" \/>\n\t<meta name=\"twitter:label2\" content=\"Gesch\u00e4tzte Lesezeit\" \/>\n\t<meta name=\"twitter:data2\" content=\"5\u00a0Minuten\" \/>\n<script type=\"application\/ld+json\" class=\"yoast-schema-graph\">{\"@context\":\"https:\\\/\\\/schema.org\",\"@graph\":[{\"@type\":\"Article\",\"@id\":\"https:\\\/\\\/drhikmetihsaneren.com\\\/yuz-ve-boyun-germe-isleminin-ingilterede-maliyeti-ne-kadar\\\/#article\",\"isPartOf\":{\"@id\":\"https:\\\/\\\/drhikmetihsaneren.com\\\/yuz-ve-boyun-germe-isleminin-ingilterede-maliyeti-ne-kadar\\\/\"},\"author\":{\"name\":\"admin\",\"@id\":\"https:\\\/\\\/drhikmetihsaneren.com\\\/#\\\/schema\\\/person\\\/ead3a6bcc737ac7017cb2de6e23f5ea4\"},\"headline\":\"Y\u00fcz ve boyun germe i\u015fleminin \u0130ngiltere&#8217;de maliyeti ne kadar?\",\"datePublished\":\"2025-01-11T19:35:53+00:00\",\"dateModified\":\"2025-02-01T20:25:45+00:00\",\"mainEntityOfPage\":{\"@id\":\"https:\\\/\\\/drhikmetihsaneren.com\\\/yuz-ve-boyun-germe-isleminin-ingilterede-maliyeti-ne-kadar\\\/\"},\"wordCount\":1007,\"commentCount\":0,\"image\":{\"@id\":\"https:\\\/\\\/drhikmetihsaneren.com\\\/yuz-ve-boyun-germe-isleminin-ingilterede-maliyeti-ne-kadar\\\/#primaryimage\"},\"thumbnailUrl\":\"https:\\\/\\\/drhikmetihsaneren.com\\\/wp-content\\\/uploads\\\/2025\\\/02\\\/image-9.png\",\"articleSection\":[\"Boyun Germe\"],\"inLanguage\":\"de\",\"potentialAction\":[{\"@type\":\"CommentAction\",\"name\":\"Comment\",\"target\":[\"https:\\\/\\\/drhikmetihsaneren.com\\\/yuz-ve-boyun-germe-isleminin-ingilterede-maliyeti-ne-kadar\\\/#respond\"]}]},{\"@type\":\"WebPage\",\"@id\":\"https:\\\/\\\/drhikmetihsaneren.com\\\/yuz-ve-boyun-germe-isleminin-ingilterede-maliyeti-ne-kadar\\\/\",\"url\":\"https:\\\/\\\/drhikmetihsaneren.com\\\/yuz-ve-boyun-germe-isleminin-ingilterede-maliyeti-ne-kadar\\\/\",\"name\":\"Y\u00fcz ve boyun germe i\u015fleminin \u0130ngiltere'de maliyeti ne kadar? - Op. Hikmet \u0130hsan Eren\",\"isPartOf\":{\"@id\":\"https:\\\/\\\/drhikmetihsaneren.com\\\/#website\"},\"primaryImageOfPage\":{\"@id\":\"https:\\\/\\\/drhikmetihsaneren.com\\\/yuz-ve-boyun-germe-isleminin-ingilterede-maliyeti-ne-kadar\\\/#primaryimage\"},\"image\":{\"@id\":\"https:\\\/\\\/drhikmetihsaneren.com\\\/yuz-ve-boyun-germe-isleminin-ingilterede-maliyeti-ne-kadar\\\/#primaryimage\"},\"thumbnailUrl\":\"https:\\\/\\\/drhikmetihsaneren.com\\\/wp-content\\\/uploads\\\/2025\\\/02\\\/image-9.png\",\"datePublished\":\"2025-01-11T19:35:53+00:00\",\"dateModified\":\"2025-02-01T20:25:45+00:00\",\"author\":{\"@id\":\"https:\\\/\\\/drhikmetihsaneren.com\\\/#\\\/schema\\\/person\\\/ead3a6bcc737ac7017cb2de6e23f5ea4\"},\"breadcrumb\":{\"@id\":\"https:\\\/\\\/drhikmetihsaneren.com\\\/yuz-ve-boyun-germe-isleminin-ingilterede-maliyeti-ne-kadar\\\/#breadcrumb\"},\"inLanguage\":\"de\",\"potentialAction\":[{\"@type\":\"ReadAction\",\"target\":[\"https:\\\/\\\/drhikmetihsaneren.com\\\/yuz-ve-boyun-germe-isleminin-ingilterede-maliyeti-ne-kadar\\\/\"]}]},{\"@type\":\"ImageObject\",\"inLanguage\":\"de\",\"@id\":\"https:\\\/\\\/drhikmetihsaneren.com\\\/yuz-ve-boyun-germe-isleminin-ingilterede-maliyeti-ne-kadar\\\/#primaryimage\",\"url\":\"https:\\\/\\\/drhikmetihsaneren.com\\\/wp-content\\\/uploads\\\/2025\\\/02\\\/image-9.png\",\"contentUrl\":\"https:\\\/\\\/drhikmetihsaneren.com\\\/wp-content\\\/uploads\\\/2025\\\/02\\\/image-9.png\",\"width\":977,\"height\":608},{\"@type\":\"BreadcrumbList\",\"@id\":\"https:\\\/\\\/drhikmetihsaneren.com\\\/yuz-ve-boyun-germe-isleminin-ingilterede-maliyeti-ne-kadar\\\/#breadcrumb\",\"itemListElement\":[{\"@type\":\"ListItem\",\"position\":1,\"name\":\"Anasayfa\",\"item\":\"https:\\\/\\\/drhikmetihsaneren.com\\\/\"},{\"@type\":\"ListItem\",\"position\":2,\"name\":\"Y\u00fcz ve boyun germe i\u015fleminin \u0130ngiltere&#8217;de maliyeti ne kadar?\"}]},{\"@type\":\"WebSite\",\"@id\":\"https:\\\/\\\/drhikmetihsaneren.com\\\/#website\",\"url\":\"https:\\\/\\\/drhikmetihsaneren.com\\\/\",\"name\":\"Op. Hikmet \u0130hsan Eren\",\"description\":\"Estetik Cerrahi\",\"potentialAction\":[{\"@type\":\"SearchAction\",\"target\":{\"@type\":\"EntryPoint\",\"urlTemplate\":\"https:\\\/\\\/drhikmetihsaneren.com\\\/?s={search_term_string}\"},\"query-input\":{\"@type\":\"PropertyValueSpecification\",\"valueRequired\":true,\"valueName\":\"search_term_string\"}}],\"inLanguage\":\"de\"},{\"@type\":\"Person\",\"@id\":\"https:\\\/\\\/drhikmetihsaneren.com\\\/#\\\/schema\\\/person\\\/ead3a6bcc737ac7017cb2de6e23f5ea4\",\"name\":\"admin\",\"image\":{\"@type\":\"ImageObject\",\"inLanguage\":\"de\",\"@id\":\"https:\\\/\\\/drhikmetihsaneren.com\\\/wp-content\\\/litespeed\\\/avatar\\\/e103683e0c7e21e1fe27206d385cb424.jpg?ver=1777476781\",\"url\":\"https:\\\/\\\/drhikmetihsaneren.com\\\/wp-content\\\/litespeed\\\/avatar\\\/e103683e0c7e21e1fe27206d385cb424.jpg?ver=1777476781\",\"contentUrl\":\"https:\\\/\\\/drhikmetihsaneren.com\\\/wp-content\\\/litespeed\\\/avatar\\\/e103683e0c7e21e1fe27206d385cb424.jpg?ver=1777476781\",\"caption\":\"admin\"},\"sameAs\":[\"https:\\\/\\\/drhikmetihsaneren.com\"],\"url\":\"https:\\\/\\\/drhikmetihsaneren.com\\\/de\\\/author\\\/admin\\\/\"}]}<\/script>\n<!-- \/ Yoast SEO plugin. -->","yoast_head_json":{"title":"Wie viel kostet ein Face- und Necklifting in Gro\u00dfbritannien? - Op. Hikmet Ihsan Eren","robots":{"index":"index","follow":"follow","max-snippet":"max-snippet:-1","max-image-preview":"max-image-preview:large","max-video-preview":"max-video-preview:-1"},"canonical":"https:\/\/drhikmetihsaneren.com\/de\/wie-viel-kostet-ein-face-und-necklifting-in-grosbritannien\/","og_locale":"de_DE","og_type":"article","og_title":"Y\u00fcz ve boyun germe i\u015fleminin \u0130ngiltere'de maliyeti ne kadar? - Op. Hikmet \u0130hsan Eren","og_description":"Y\u00fcz ve boyun germe ameliyat\u0131n\u0131n \u0130ngiltere'deki maliyeti, cerrah\u0131n deneyimine, klini\u011fin konumuna ve uygulanan tekni\u011fe g\u00f6re de\u011fi\u015fir. {CONTENT} detayl\u0131 fiyat bilgisi, farkl\u0131 se\u00e7enekleri ve tedavi s\u00fcrecini a\u00e7\u0131kl\u0131yor. Bilgilendirici ve kapsaml\u0131 bir rehber i\u00e7in makalemizi okuyun.","og_url":"https:\/\/drhikmetihsaneren.com\/de\/wie-viel-kostet-ein-face-und-necklifting-in-grosbritannien\/","og_site_name":"Op. Hikmet \u0130hsan Eren","article_published_time":"2025-01-11T19:35:53+00:00","article_modified_time":"2025-02-01T20:25:45+00:00","og_image":[{"width":977,"height":608,"url":"https:\/\/drhikmetihsaneren.com\/wp-content\/uploads\/2025\/02\/image-9.png","type":"image\/png"}],"author":"admin","twitter_card":"summary_large_image","twitter_misc":{"Verfasst von":"admin","Gesch\u00e4tzte Lesezeit":"5\u00a0Minuten"},"schema":{"@context":"https:\/\/schema.org","@graph":[{"@type":"Article","@id":"https:\/\/drhikmetihsaneren.com\/yuz-ve-boyun-germe-isleminin-ingilterede-maliyeti-ne-kadar\/#article","isPartOf":{"@id":"https:\/\/drhikmetihsaneren.com\/yuz-ve-boyun-germe-isleminin-ingilterede-maliyeti-ne-kadar\/"},"author":{"name":"admin","@id":"https:\/\/drhikmetihsaneren.com\/#\/schema\/person\/ead3a6bcc737ac7017cb2de6e23f5ea4"},"headline":"Y\u00fcz ve boyun germe i\u015fleminin \u0130ngiltere&#8217;de maliyeti ne kadar?","datePublished":"2025-01-11T19:35:53+00:00","dateModified":"2025-02-01T20:25:45+00:00","mainEntityOfPage":{"@id":"https:\/\/drhikmetihsaneren.com\/yuz-ve-boyun-germe-isleminin-ingilterede-maliyeti-ne-kadar\/"},"wordCount":1007,"commentCount":0,"image":{"@id":"https:\/\/drhikmetihsaneren.com\/yuz-ve-boyun-germe-isleminin-ingilterede-maliyeti-ne-kadar\/#primaryimage"},"thumbnailUrl":"https:\/\/drhikmetihsaneren.com\/wp-content\/uploads\/2025\/02\/image-9.png","articleSection":["Boyun Germe"],"inLanguage":"de","potentialAction":[{"@type":"CommentAction","name":"Comment","target":["https:\/\/drhikmetihsaneren.com\/yuz-ve-boyun-germe-isleminin-ingilterede-maliyeti-ne-kadar\/#respond"]}]},{"@type":"WebPage","@id":"https:\/\/drhikmetihsaneren.com\/yuz-ve-boyun-germe-isleminin-ingilterede-maliyeti-ne-kadar\/","url":"https:\/\/drhikmetihsaneren.com\/yuz-ve-boyun-germe-isleminin-ingilterede-maliyeti-ne-kadar\/","name":"Wie viel kostet ein Face- und Necklifting in Gro\u00dfbritannien? - Op. Hikmet Ihsan Eren","isPartOf":{"@id":"https:\/\/drhikmetihsaneren.com\/#website"},"primaryImageOfPage":{"@id":"https:\/\/drhikmetihsaneren.com\/yuz-ve-boyun-germe-isleminin-ingilterede-maliyeti-ne-kadar\/#primaryimage"},"image":{"@id":"https:\/\/drhikmetihsaneren.com\/yuz-ve-boyun-germe-isleminin-ingilterede-maliyeti-ne-kadar\/#primaryimage"},"thumbnailUrl":"https:\/\/drhikmetihsaneren.com\/wp-content\/uploads\/2025\/02\/image-9.png","datePublished":"2025-01-11T19:35:53+00:00","dateModified":"2025-02-01T20:25:45+00:00","author":{"@id":"https:\/\/drhikmetihsaneren.com\/#\/schema\/person\/ead3a6bcc737ac7017cb2de6e23f5ea4"},"breadcrumb":{"@id":"https:\/\/drhikmetihsaneren.com\/yuz-ve-boyun-germe-isleminin-ingilterede-maliyeti-ne-kadar\/#breadcrumb"},"inLanguage":"de","potentialAction":[{"@type":"ReadAction","target":["https:\/\/drhikmetihsaneren.com\/yuz-ve-boyun-germe-isleminin-ingilterede-maliyeti-ne-kadar\/"]}]},{"@type":"ImageObject","inLanguage":"de","@id":"https:\/\/drhikmetihsaneren.com\/yuz-ve-boyun-germe-isleminin-ingilterede-maliyeti-ne-kadar\/#primaryimage","url":"https:\/\/drhikmetihsaneren.com\/wp-content\/uploads\/2025\/02\/image-9.png","contentUrl":"https:\/\/drhikmetihsaneren.com\/wp-content\/uploads\/2025\/02\/image-9.png","width":977,"height":608},{"@type":"BreadcrumbList","@id":"https:\/\/drhikmetihsaneren.com\/yuz-ve-boyun-germe-isleminin-ingilterede-maliyeti-ne-kadar\/#breadcrumb","itemListElement":[{"@type":"ListItem","position":1,"name":"Anasayfa","item":"https:\/\/drhikmetihsaneren.com\/"},{"@type":"ListItem","position":2,"name":"Y\u00fcz ve boyun germe i\u015fleminin \u0130ngiltere&#8217;de maliyeti ne kadar?"}]},{"@type":"WebSite","@id":"https:\/\/drhikmetihsaneren.com\/#website","url":"https:\/\/drhikmetihsaneren.com\/","name":"Kuss. Hikmet \u0130hsan Eren","description":"Plastische Chirurgie","potentialAction":[{"@type":"SearchAction","target":{"@type":"EntryPoint","urlTemplate":"https:\/\/drhikmetihsaneren.com\/?s={search_term_string}"},"query-input":{"@type":"PropertyValueSpecification","valueRequired":true,"valueName":"search_term_string"}}],"inLanguage":"de"},{"@type":"Person","@id":"https:\/\/drhikmetihsaneren.com\/#\/schema\/person\/ead3a6bcc737ac7017cb2de6e23f5ea4","name":"Administrator","image":{"@type":"ImageObject","inLanguage":"de","@id":"https:\/\/drhikmetihsaneren.com\/wp-content\/litespeed\/avatar\/e103683e0c7e21e1fe27206d385cb424.jpg?ver=1777476781","url":"https:\/\/drhikmetihsaneren.com\/wp-content\/litespeed\/avatar\/e103683e0c7e21e1fe27206d385cb424.jpg?ver=1777476781","contentUrl":"https:\/\/drhikmetihsaneren.com\/wp-content\/litespeed\/avatar\/e103683e0c7e21e1fe27206d385cb424.jpg?ver=1777476781","caption":"admin"},"sameAs":["https:\/\/drhikmetihsaneren.com"],"url":"https:\/\/drhikmetihsaneren.com\/de\/author\/admin\/"}]}},"_links":{"self":[{"href":"https:\/\/drhikmetihsaneren.com\/de\/wp-json\/wp\/v2\/posts\/326","targetHints":{"allow":["GET"]}}],"collection":[{"href":"https:\/\/drhikmetihsaneren.com\/de\/wp-json\/wp\/v2\/posts"}],"about":[{"href":"https:\/\/drhikmetihsaneren.com\/de\/wp-json\/wp\/v2\/types\/post"}],"author":[{"embeddable":true,"href":"https:\/\/drhikmetihsaneren.com\/de\/wp-json\/wp\/v2\/users\/1"}],"replies":[{"embeddable":true,"href":"https:\/\/drhikmetihsaneren.com\/de\/wp-json\/wp\/v2\/comments?post=326"}],"version-history":[{"count":1,"href":"https:\/\/drhikmetihsaneren.com\/de\/wp-json\/wp\/v2\/posts\/326\/revisions"}],"predecessor-version":[{"id":14796,"href":"https:\/\/drhikmetihsaneren.com\/de\/wp-json\/wp\/v2\/posts\/326\/revisions\/14796"}],"wp:featuredmedia":[{"embeddable":true,"href":"https:\/\/drhikmetihsaneren.com\/de\/wp-json\/wp\/v2\/media\/14795"}],"wp:attachment":[{"href":"https:\/\/drhikmetihsaneren.com\/de\/wp-json\/wp\/v2\/media?parent=326"}],"wp:term":[{"taxonomy":"category","embeddable":true,"href":"https:\/\/drhikmetihsaneren.com\/de\/wp-json\/wp\/v2\/categories?post=326"},{"taxonomy":"post_tag","embeddable":true,"href":"https:\/\/drhikmetihsaneren.com\/de\/wp-json\/wp\/v2\/tags?post=326"}],"curies":[{"name":"wp","href":"https:\/\/api.w.org\/{rel}","templated":true}]}}