{"id":7399,"date":"2023-09-05T15:56:28","date_gmt":"2023-09-05T12:56:28","guid":{"rendered":"https:\/\/drhikmetihsaneren.com\/?p=7399"},"modified":"2024-01-31T17:09:09","modified_gmt":"2024-01-31T14:09:09","slug":"fallt-die-nasenspitze-nach-einer-nasenkorrektur-ab","status":"publish","type":"post","link":"https:\/\/drhikmetihsaneren.com\/de\/fallt-die-nasenspitze-nach-einer-nasenkorrektur-ab\/","title":{"rendered":"Wird die Nasenspitze nach einer Nasenkorrektur abfallen?"},"content":{"rendered":"<p><strong>Nach einer Nasenkorrektur<\/strong>Es ist normal, dass die Nase etwas geschwollen und gequetscht ist. Diese Schwellung und Bluterg\u00fcsse klingen normalerweise innerhalb der ersten Wochen nach der Operation ab. Allerdings kann es selten zu bleibenden Problemen wie einer herabh\u00e4ngenden oder kollabierenden Nase kommen.<\/p>\n\n\n\n<p>Das Absinken oder Kollabieren der Nase kann durch Komplikationen wie falsche Operationstechniken oder unzureichende Unterst\u00fctzung des Gewebes nach einer Nasenkorrektur verursacht werden. Solche Probleme treten m\u00f6glicherweise h\u00e4ufiger bei Nasenkorrekturen auf, die von Chirurgen durchgef\u00fchrt werden, die keine chirurgische Erfahrung oder entsprechende Ausbildung haben.<\/p>\n\n\n\n<p><strong><a href=\"https:\/\/drhikmetihsaneren.com\/de\/nasenkorrektur-nasenasthetik\/\">Nasenkorrektur<\/a><\/strong>Dabei handelt es sich um ein Verfahren zur Korrektur der Nasenform und zur \u00e4sthetischen Verbesserung. Wenn dieser Eingriff unter der Leitung eines erfahrenen und erfahrenen plastischen Chirurgen durchgef\u00fchrt wird, werden Probleme wie dauerhafte St\u00fcrze oder Kollaps vermieden. <strong>selten<\/strong>. Die Operationsergebnisse k\u00f6nnen jedoch von Person zu Person unterschiedlich sein und jede Operation birgt Risiken.<\/p>\n\n\n\n<p>Wenn nach einer Nasenkorrektur dauerhafte Probleme auftreten oder die postoperativen Ergebnisse nicht den Erwartungen entsprechen, sollten Sie sich an Ihren Chirurgen wenden. Bei angemessener Beurteilung und Behandlung k\u00f6nnen Komplikationen nach einer Nasenkorrektur minimiert werden und Patienten erreichen oft die gew\u00fcnschte Nasenkorrektur.<\/p>\n\n\n\n<h2 class=\"wp-block-heading\">Was ist Nasen\u00e4sthetik (Rhinoplastik)?<\/h2>\n\n\n\n<p>Bei der Nasenkorrektur, medizinisch \u201eRhinoplastik\u201c genannt, handelt es sich um einen chirurgischen Eingriff, der durchgef\u00fchrt wird, um die Form, Gr\u00f6\u00dfe oder Funktionalit\u00e4t der Nase zu korrigieren oder zu verbessern. Dieser plastisch-chirurgische Eingriff ist f\u00fcr viele Menschen eine bevorzugte Option, um das Aussehen ihrer Nase zu verbessern oder Atemprobleme zu l\u00f6sen. Bei der Nasenkorrektur kann der Chirurg die Knorpel- und Knochenstruktur der Nase umformen oder ihre Gr\u00f6\u00dfe korrigieren. Durch den Eingriff erhalten die Patienten eine ausgewogenere und \u00e4sthetischere Nase.<\/p>\n\n\n\n<h2 class=\"wp-block-heading\">Wie erkennt man eine herabh\u00e4ngende Nasenspitze?<\/h2>\n\n\n\n<p>Eine herabh\u00e4ngende oder schlaffe Nasenspitze kann durch bestimmte Merkmale oder anatomische Ver\u00e4nderungen in der Nasenstruktur der Person verursacht werden. Um die herabh\u00e4ngende Nasenspitze zu verstehen, ist es wichtig, auf einige der folgenden Indikatoren zu achten:<\/p>\n\n\n\n<ol class=\"wp-block-list\">\n<li><strong>Ver\u00e4nderung im Aussehen<\/strong>: Die herabh\u00e4ngende Nasenspitze kann dazu f\u00fchren, dass die Nase herabh\u00e4ngt oder nach unten geneigt erscheint, insbesondere wenn man sie von der Seite betrachtet. M\u00f6glicherweise haben Sie das Gef\u00fchl, dass Ihre Nasenspitze tiefer oder geneigt ist als normal.<\/li>\n\n\n\n<li><strong>Schwierigkeiten beim Atmen<\/strong>: Die herabh\u00e4ngende Nasenspitze kann manchmal zu einer Verengung oder Verstopfung der Atemwege in der Nase f\u00fchren. Dies kann zu Atembeschwerden oder einer verstopften Nase f\u00fchren.<\/li>\n\n\n\n<li><strong>Intranasale Probleme<\/strong>: Probleme, die durch eine herabh\u00e4ngende Nasenspitze verursacht werden, k\u00f6nnen zu Ver\u00e4nderungen der intranasalen Anatomie f\u00fchren. Dies kann zu Problemen wie einer verstopften Nase, einer verstopften Nase oder h\u00e4ufigen Infektionen f\u00fchren.<\/li>\n\n\n\n<li><strong>\u00c4sthetische Ver\u00e4nderungen der Nase<\/strong>: Aus \u00e4sthetischer Sicht kann das H\u00e4ngen der Nasenspitze das Gesamterscheinungsbild der Nase beeintr\u00e4chtigen. Liegt die Nasenspitze tiefer als normal, kann dies das Gleichgewicht des Gesichts der Person beeintr\u00e4chtigen und dazu f\u00fchren, dass die Person mit der Nasenkorrektur unzufrieden ist.<\/li>\n\n\n\n<li><strong>Verstehen durch Ber\u00fchrung<\/strong>: Sie k\u00f6nnen die Nasenspitze leicht mit der Hand ber\u00fchren, um die herabh\u00e4ngende Nasenspitze besser zu verstehen. Wenn Sie eine Kr\u00fcmmung oder ein Durchh\u00e4ngen des Knorpels an der Nasenspitze sp\u00fcren, kann dies ein Symptom dieser Erkrankung sein.<\/li>\n\n\n\n<li><strong>Professionelle Bewertung<\/strong>Es ist wichtig, eine Untersuchung durch einen HNO-Arzt oder plastischen Chirurgen durchf\u00fchren zu lassen, um die genaue Ursache und den Schweregrad der herabh\u00e4ngenden Nasenspitze zu bestimmen. Mit speziellen Untersuchungen wie R\u00f6ntgenaufnahmen oder endoskopischen Untersuchungen k\u00f6nnen diese Spezialisten die innere Struktur der Nase untersuchen.<\/li>\n<\/ol>\n\n\n\n<p>Eine herabh\u00e4ngende Nasenspitze wird in der Regel durch chirurgische Eingriffe wie Nasenkorrektur oder Septumplastik korrigiert. Allerdings ist die Situation jedes Einzelnen unterschiedlich und die Behandlungsm\u00f6glichkeiten sollten auf die individuellen Bed\u00fcrfnisse und anatomischen Gegebenheiten zugeschnitten werden. Daher ist es wichtig, bei solchen Problemen einen Experten zu konsultieren.<\/p>","protected":false},"excerpt":{"rendered":"<p>Burun Esteti\u011fi ameliyat\u0131 sonras\u0131nda, burunun bir miktar \u015fi\u015f ve morarm\u0131\u015f olmas\u0131 normaldir. Bu \u015fi\u015flik ve morarma genellikle ameliyat sonras\u0131 ilk birka\u00e7 hafta i\u00e7inde azal\u0131r. Ancak, burunda d\u00fc\u015fme veya \u00e7\u00f6kme gibi kal\u0131c\u0131 sorunlar nadiren meydana gelebilir. Burunda d\u00fc\u015fme veya \u00e7\u00f6kme, rinoplasti sonras\u0131 yanl\u0131\u015f cerrahi teknikler veya dokunun yetersiz desteklenmesi gibi komplikasyonlardan kaynaklanabilir. Bu t\u00fcr sorunlar, cerrahi [&hellip;]<\/p>\n","protected":false},"author":1,"featured_media":7400,"comment_status":"closed","ping_status":"open","sticky":false,"template":"","format":"standard","meta":{"content-type":"","inline_featured_image":false,"footnotes":""},"categories":[1],"tags":[],"class_list":["post-7399","post","type-post","status-publish","format-standard","has-post-thumbnail","hentry","category-blog"],"yoast_head":"<!-- This site is optimized with the Yoast SEO plugin v27.5 - https:\/\/yoast.com\/product\/yoast-seo-wordpress\/ -->\n<title>Burun Esteti\u011fi (Rinoplasti) Sonras\u0131nda Burun Ucu D\u00fc\u015fer mi?<\/title>\n<meta name=\"description\" content=\"Burun Esteti\u011fi (Rinoplasti) Sonras\u0131nda Burun Ucu D\u00fc\u015fer mi? Uzman doktorumuz Op. Hikmet \u0130hsan Eren, sizler i\u00e7in bu konuyu detayland\u0131rd\u0131.\" \/>\n<meta name=\"robots\" content=\"index, follow, max-snippet:-1, max-image-preview:large, max-video-preview:-1\" \/>\n<link rel=\"canonical\" href=\"https:\/\/drhikmetihsaneren.com\/de\/fallt-die-nasenspitze-nach-einer-nasenkorrektur-ab\/\" \/>\n<meta property=\"og:locale\" content=\"de_DE\" \/>\n<meta property=\"og:type\" content=\"article\" \/>\n<meta property=\"og:title\" content=\"Burun Esteti\u011fi (Rinoplasti) Sonras\u0131nda Burun Ucu D\u00fc\u015fer mi?\" \/>\n<meta property=\"og:description\" content=\"Burun Esteti\u011fi (Rinoplasti) Sonras\u0131nda Burun Ucu D\u00fc\u015fer mi? Uzman doktorumuz Op. Hikmet \u0130hsan Eren, sizler i\u00e7in bu konuyu detayland\u0131rd\u0131.\" \/>\n<meta property=\"og:url\" content=\"https:\/\/drhikmetihsaneren.com\/de\/fallt-die-nasenspitze-nach-einer-nasenkorrektur-ab\/\" \/>\n<meta property=\"og:site_name\" content=\"Op. Hikmet \u0130hsan Eren\" \/>\n<meta property=\"article:published_time\" content=\"2023-09-05T12:56:28+00:00\" \/>\n<meta property=\"article:modified_time\" content=\"2024-01-31T14:09:09+00:00\" \/>\n<meta property=\"og:image\" content=\"https:\/\/drhikmetihsaneren.com\/wp-content\/uploads\/2023\/09\/burun-estetigi-ameliyati-sonrasi-burun-ucu-duser-mi.png\" \/>\n\t<meta property=\"og:image:width\" content=\"1200\" \/>\n\t<meta property=\"og:image:height\" content=\"628\" \/>\n\t<meta property=\"og:image:type\" content=\"image\/png\" \/>\n<meta name=\"author\" content=\"admin\" \/>\n<meta name=\"twitter:card\" content=\"summary_large_image\" \/>\n<meta name=\"twitter:label1\" content=\"Verfasst von\" \/>\n\t<meta name=\"twitter:data1\" content=\"admin\" \/>\n\t<meta name=\"twitter:label2\" content=\"Gesch\u00e4tzte Lesezeit\" \/>\n\t<meta name=\"twitter:data2\" content=\"3\u00a0Minuten\" \/>\n<script type=\"application\/ld+json\" class=\"yoast-schema-graph\">{\"@context\":\"https:\\\/\\\/schema.org\",\"@graph\":[{\"@type\":\"Article\",\"@id\":\"https:\\\/\\\/drhikmetihsaneren.com\\\/burun-estetigi-rinoplasti-sonrasinda-burun-ucu-duser-mi\\\/#article\",\"isPartOf\":{\"@id\":\"https:\\\/\\\/drhikmetihsaneren.com\\\/burun-estetigi-rinoplasti-sonrasinda-burun-ucu-duser-mi\\\/\"},\"author\":{\"name\":\"admin\",\"@id\":\"https:\\\/\\\/drhikmetihsaneren.com\\\/#\\\/schema\\\/person\\\/ead3a6bcc737ac7017cb2de6e23f5ea4\"},\"headline\":\"Burun Esteti\u011fi (Rinoplasti) Sonras\u0131nda Burun Ucu D\u00fc\u015fer mi?\",\"datePublished\":\"2023-09-05T12:56:28+00:00\",\"dateModified\":\"2024-01-31T14:09:09+00:00\",\"mainEntityOfPage\":{\"@id\":\"https:\\\/\\\/drhikmetihsaneren.com\\\/burun-estetigi-rinoplasti-sonrasinda-burun-ucu-duser-mi\\\/\"},\"wordCount\":680,\"image\":{\"@id\":\"https:\\\/\\\/drhikmetihsaneren.com\\\/burun-estetigi-rinoplasti-sonrasinda-burun-ucu-duser-mi\\\/#primaryimage\"},\"thumbnailUrl\":\"https:\\\/\\\/drhikmetihsaneren.com\\\/wp-content\\\/uploads\\\/2023\\\/09\\\/burun-estetigi-ameliyati-sonrasi-burun-ucu-duser-mi.png\",\"articleSection\":[\"Blog\"],\"inLanguage\":\"de\"},{\"@type\":\"WebPage\",\"@id\":\"https:\\\/\\\/drhikmetihsaneren.com\\\/burun-estetigi-rinoplasti-sonrasinda-burun-ucu-duser-mi\\\/\",\"url\":\"https:\\\/\\\/drhikmetihsaneren.com\\\/burun-estetigi-rinoplasti-sonrasinda-burun-ucu-duser-mi\\\/\",\"name\":\"Burun Esteti\u011fi (Rinoplasti) Sonras\u0131nda Burun Ucu D\u00fc\u015fer mi?\",\"isPartOf\":{\"@id\":\"https:\\\/\\\/drhikmetihsaneren.com\\\/#website\"},\"primaryImageOfPage\":{\"@id\":\"https:\\\/\\\/drhikmetihsaneren.com\\\/burun-estetigi-rinoplasti-sonrasinda-burun-ucu-duser-mi\\\/#primaryimage\"},\"image\":{\"@id\":\"https:\\\/\\\/drhikmetihsaneren.com\\\/burun-estetigi-rinoplasti-sonrasinda-burun-ucu-duser-mi\\\/#primaryimage\"},\"thumbnailUrl\":\"https:\\\/\\\/drhikmetihsaneren.com\\\/wp-content\\\/uploads\\\/2023\\\/09\\\/burun-estetigi-ameliyati-sonrasi-burun-ucu-duser-mi.png\",\"datePublished\":\"2023-09-05T12:56:28+00:00\",\"dateModified\":\"2024-01-31T14:09:09+00:00\",\"author\":{\"@id\":\"https:\\\/\\\/drhikmetihsaneren.com\\\/#\\\/schema\\\/person\\\/ead3a6bcc737ac7017cb2de6e23f5ea4\"},\"description\":\"Burun Esteti\u011fi (Rinoplasti) Sonras\u0131nda Burun Ucu D\u00fc\u015fer mi? Uzman doktorumuz Op. Hikmet \u0130hsan Eren, sizler i\u00e7in bu konuyu detayland\u0131rd\u0131.\",\"breadcrumb\":{\"@id\":\"https:\\\/\\\/drhikmetihsaneren.com\\\/burun-estetigi-rinoplasti-sonrasinda-burun-ucu-duser-mi\\\/#breadcrumb\"},\"inLanguage\":\"de\",\"potentialAction\":[{\"@type\":\"ReadAction\",\"target\":[\"https:\\\/\\\/drhikmetihsaneren.com\\\/burun-estetigi-rinoplasti-sonrasinda-burun-ucu-duser-mi\\\/\"]}]},{\"@type\":\"ImageObject\",\"inLanguage\":\"de\",\"@id\":\"https:\\\/\\\/drhikmetihsaneren.com\\\/burun-estetigi-rinoplasti-sonrasinda-burun-ucu-duser-mi\\\/#primaryimage\",\"url\":\"https:\\\/\\\/drhikmetihsaneren.com\\\/wp-content\\\/uploads\\\/2023\\\/09\\\/burun-estetigi-ameliyati-sonrasi-burun-ucu-duser-mi.png\",\"contentUrl\":\"https:\\\/\\\/drhikmetihsaneren.com\\\/wp-content\\\/uploads\\\/2023\\\/09\\\/burun-estetigi-ameliyati-sonrasi-burun-ucu-duser-mi.png\",\"width\":1200,\"height\":628,\"caption\":\"Burun Esteti\u011fi (Rinoplasti) Sonras\u0131nda Burun Ucu D\u00fc\u015fer mi?\"},{\"@type\":\"BreadcrumbList\",\"@id\":\"https:\\\/\\\/drhikmetihsaneren.com\\\/burun-estetigi-rinoplasti-sonrasinda-burun-ucu-duser-mi\\\/#breadcrumb\",\"itemListElement\":[{\"@type\":\"ListItem\",\"position\":1,\"name\":\"Anasayfa\",\"item\":\"https:\\\/\\\/drhikmetihsaneren.com\\\/\"},{\"@type\":\"ListItem\",\"position\":2,\"name\":\"Burun Esteti\u011fi (Rinoplasti) Sonras\u0131nda Burun Ucu D\u00fc\u015fer mi?\"}]},{\"@type\":\"WebSite\",\"@id\":\"https:\\\/\\\/drhikmetihsaneren.com\\\/#website\",\"url\":\"https:\\\/\\\/drhikmetihsaneren.com\\\/\",\"name\":\"Op. Hikmet \u0130hsan Eren\",\"description\":\"Estetik Cerrahi\",\"potentialAction\":[{\"@type\":\"SearchAction\",\"target\":{\"@type\":\"EntryPoint\",\"urlTemplate\":\"https:\\\/\\\/drhikmetihsaneren.com\\\/?s={search_term_string}\"},\"query-input\":{\"@type\":\"PropertyValueSpecification\",\"valueRequired\":true,\"valueName\":\"search_term_string\"}}],\"inLanguage\":\"de\"},{\"@type\":\"Person\",\"@id\":\"https:\\\/\\\/drhikmetihsaneren.com\\\/#\\\/schema\\\/person\\\/ead3a6bcc737ac7017cb2de6e23f5ea4\",\"name\":\"admin\",\"image\":{\"@type\":\"ImageObject\",\"inLanguage\":\"de\",\"@id\":\"https:\\\/\\\/drhikmetihsaneren.com\\\/wp-content\\\/litespeed\\\/avatar\\\/e103683e0c7e21e1fe27206d385cb424.jpg?ver=1777476781\",\"url\":\"https:\\\/\\\/drhikmetihsaneren.com\\\/wp-content\\\/litespeed\\\/avatar\\\/e103683e0c7e21e1fe27206d385cb424.jpg?ver=1777476781\",\"contentUrl\":\"https:\\\/\\\/drhikmetihsaneren.com\\\/wp-content\\\/litespeed\\\/avatar\\\/e103683e0c7e21e1fe27206d385cb424.jpg?ver=1777476781\",\"caption\":\"admin\"},\"sameAs\":[\"https:\\\/\\\/drhikmetihsaneren.com\"],\"url\":\"https:\\\/\\\/drhikmetihsaneren.com\\\/de\\\/author\\\/admin\\\/\"}]}<\/script>\n<!-- \/ Yoast SEO plugin. -->","yoast_head_json":{"title":"Wird die Nasenspitze nach einer Nasenkorrektur abfallen?","description":"Wird die Nasenspitze nach einer Nasenkorrektur abfallen? Unser Facharzt Op. Hikmet \u0130hsan Eren hat dieses Problem f\u00fcr Sie detailliert beschrieben.","robots":{"index":"index","follow":"follow","max-snippet":"max-snippet:-1","max-image-preview":"max-image-preview:large","max-video-preview":"max-video-preview:-1"},"canonical":"https:\/\/drhikmetihsaneren.com\/de\/fallt-die-nasenspitze-nach-einer-nasenkorrektur-ab\/","og_locale":"de_DE","og_type":"article","og_title":"Burun Esteti\u011fi (Rinoplasti) Sonras\u0131nda Burun Ucu D\u00fc\u015fer mi?","og_description":"Burun Esteti\u011fi (Rinoplasti) Sonras\u0131nda Burun Ucu D\u00fc\u015fer mi? Uzman doktorumuz Op. Hikmet \u0130hsan Eren, sizler i\u00e7in bu konuyu detayland\u0131rd\u0131.","og_url":"https:\/\/drhikmetihsaneren.com\/de\/fallt-die-nasenspitze-nach-einer-nasenkorrektur-ab\/","og_site_name":"Op. Hikmet \u0130hsan Eren","article_published_time":"2023-09-05T12:56:28+00:00","article_modified_time":"2024-01-31T14:09:09+00:00","og_image":[{"width":1200,"height":628,"url":"https:\/\/drhikmetihsaneren.com\/wp-content\/uploads\/2023\/09\/burun-estetigi-ameliyati-sonrasi-burun-ucu-duser-mi.png","type":"image\/png"}],"author":"admin","twitter_card":"summary_large_image","twitter_misc":{"Verfasst von":"admin","Gesch\u00e4tzte Lesezeit":"3\u00a0Minuten"},"schema":{"@context":"https:\/\/schema.org","@graph":[{"@type":"Article","@id":"https:\/\/drhikmetihsaneren.com\/burun-estetigi-rinoplasti-sonrasinda-burun-ucu-duser-mi\/#article","isPartOf":{"@id":"https:\/\/drhikmetihsaneren.com\/burun-estetigi-rinoplasti-sonrasinda-burun-ucu-duser-mi\/"},"author":{"name":"admin","@id":"https:\/\/drhikmetihsaneren.com\/#\/schema\/person\/ead3a6bcc737ac7017cb2de6e23f5ea4"},"headline":"Burun Esteti\u011fi (Rinoplasti) Sonras\u0131nda Burun Ucu D\u00fc\u015fer mi?","datePublished":"2023-09-05T12:56:28+00:00","dateModified":"2024-01-31T14:09:09+00:00","mainEntityOfPage":{"@id":"https:\/\/drhikmetihsaneren.com\/burun-estetigi-rinoplasti-sonrasinda-burun-ucu-duser-mi\/"},"wordCount":680,"image":{"@id":"https:\/\/drhikmetihsaneren.com\/burun-estetigi-rinoplasti-sonrasinda-burun-ucu-duser-mi\/#primaryimage"},"thumbnailUrl":"https:\/\/drhikmetihsaneren.com\/wp-content\/uploads\/2023\/09\/burun-estetigi-ameliyati-sonrasi-burun-ucu-duser-mi.png","articleSection":["Blog"],"inLanguage":"de"},{"@type":"WebPage","@id":"https:\/\/drhikmetihsaneren.com\/burun-estetigi-rinoplasti-sonrasinda-burun-ucu-duser-mi\/","url":"https:\/\/drhikmetihsaneren.com\/burun-estetigi-rinoplasti-sonrasinda-burun-ucu-duser-mi\/","name":"Wird die Nasenspitze nach einer Nasenkorrektur abfallen?","isPartOf":{"@id":"https:\/\/drhikmetihsaneren.com\/#website"},"primaryImageOfPage":{"@id":"https:\/\/drhikmetihsaneren.com\/burun-estetigi-rinoplasti-sonrasinda-burun-ucu-duser-mi\/#primaryimage"},"image":{"@id":"https:\/\/drhikmetihsaneren.com\/burun-estetigi-rinoplasti-sonrasinda-burun-ucu-duser-mi\/#primaryimage"},"thumbnailUrl":"https:\/\/drhikmetihsaneren.com\/wp-content\/uploads\/2023\/09\/burun-estetigi-ameliyati-sonrasi-burun-ucu-duser-mi.png","datePublished":"2023-09-05T12:56:28+00:00","dateModified":"2024-01-31T14:09:09+00:00","author":{"@id":"https:\/\/drhikmetihsaneren.com\/#\/schema\/person\/ead3a6bcc737ac7017cb2de6e23f5ea4"},"description":"Wird die Nasenspitze nach einer Nasenkorrektur abfallen? Unser Facharzt Op. Hikmet \u0130hsan Eren hat dieses Problem f\u00fcr Sie detailliert beschrieben.","breadcrumb":{"@id":"https:\/\/drhikmetihsaneren.com\/burun-estetigi-rinoplasti-sonrasinda-burun-ucu-duser-mi\/#breadcrumb"},"inLanguage":"de","potentialAction":[{"@type":"ReadAction","target":["https:\/\/drhikmetihsaneren.com\/burun-estetigi-rinoplasti-sonrasinda-burun-ucu-duser-mi\/"]}]},{"@type":"ImageObject","inLanguage":"de","@id":"https:\/\/drhikmetihsaneren.com\/burun-estetigi-rinoplasti-sonrasinda-burun-ucu-duser-mi\/#primaryimage","url":"https:\/\/drhikmetihsaneren.com\/wp-content\/uploads\/2023\/09\/burun-estetigi-ameliyati-sonrasi-burun-ucu-duser-mi.png","contentUrl":"https:\/\/drhikmetihsaneren.com\/wp-content\/uploads\/2023\/09\/burun-estetigi-ameliyati-sonrasi-burun-ucu-duser-mi.png","width":1200,"height":628,"caption":"Burun Esteti\u011fi (Rinoplasti) Sonras\u0131nda Burun Ucu D\u00fc\u015fer mi?"},{"@type":"BreadcrumbList","@id":"https:\/\/drhikmetihsaneren.com\/burun-estetigi-rinoplasti-sonrasinda-burun-ucu-duser-mi\/#breadcrumb","itemListElement":[{"@type":"ListItem","position":1,"name":"Anasayfa","item":"https:\/\/drhikmetihsaneren.com\/"},{"@type":"ListItem","position":2,"name":"Burun Esteti\u011fi (Rinoplasti) Sonras\u0131nda Burun Ucu D\u00fc\u015fer mi?"}]},{"@type":"WebSite","@id":"https:\/\/drhikmetihsaneren.com\/#website","url":"https:\/\/drhikmetihsaneren.com\/","name":"Kuss. Hikmet \u0130hsan Eren","description":"Plastische Chirurgie","potentialAction":[{"@type":"SearchAction","target":{"@type":"EntryPoint","urlTemplate":"https:\/\/drhikmetihsaneren.com\/?s={search_term_string}"},"query-input":{"@type":"PropertyValueSpecification","valueRequired":true,"valueName":"search_term_string"}}],"inLanguage":"de"},{"@type":"Person","@id":"https:\/\/drhikmetihsaneren.com\/#\/schema\/person\/ead3a6bcc737ac7017cb2de6e23f5ea4","name":"Administrator","image":{"@type":"ImageObject","inLanguage":"de","@id":"https:\/\/drhikmetihsaneren.com\/wp-content\/litespeed\/avatar\/e103683e0c7e21e1fe27206d385cb424.jpg?ver=1777476781","url":"https:\/\/drhikmetihsaneren.com\/wp-content\/litespeed\/avatar\/e103683e0c7e21e1fe27206d385cb424.jpg?ver=1777476781","contentUrl":"https:\/\/drhikmetihsaneren.com\/wp-content\/litespeed\/avatar\/e103683e0c7e21e1fe27206d385cb424.jpg?ver=1777476781","caption":"admin"},"sameAs":["https:\/\/drhikmetihsaneren.com"],"url":"https:\/\/drhikmetihsaneren.com\/de\/author\/admin\/"}]}},"_links":{"self":[{"href":"https:\/\/drhikmetihsaneren.com\/de\/wp-json\/wp\/v2\/posts\/7399","targetHints":{"allow":["GET"]}}],"collection":[{"href":"https:\/\/drhikmetihsaneren.com\/de\/wp-json\/wp\/v2\/posts"}],"about":[{"href":"https:\/\/drhikmetihsaneren.com\/de\/wp-json\/wp\/v2\/types\/post"}],"author":[{"embeddable":true,"href":"https:\/\/drhikmetihsaneren.com\/de\/wp-json\/wp\/v2\/users\/1"}],"replies":[{"embeddable":true,"href":"https:\/\/drhikmetihsaneren.com\/de\/wp-json\/wp\/v2\/comments?post=7399"}],"version-history":[{"count":1,"href":"https:\/\/drhikmetihsaneren.com\/de\/wp-json\/wp\/v2\/posts\/7399\/revisions"}],"predecessor-version":[{"id":7401,"href":"https:\/\/drhikmetihsaneren.com\/de\/wp-json\/wp\/v2\/posts\/7399\/revisions\/7401"}],"wp:featuredmedia":[{"embeddable":true,"href":"https:\/\/drhikmetihsaneren.com\/de\/wp-json\/wp\/v2\/media\/7400"}],"wp:attachment":[{"href":"https:\/\/drhikmetihsaneren.com\/de\/wp-json\/wp\/v2\/media?parent=7399"}],"wp:term":[{"taxonomy":"category","embeddable":true,"href":"https:\/\/drhikmetihsaneren.com\/de\/wp-json\/wp\/v2\/categories?post=7399"},{"taxonomy":"post_tag","embeddable":true,"href":"https:\/\/drhikmetihsaneren.com\/de\/wp-json\/wp\/v2\/tags?post=7399"}],"curies":[{"name":"wp","href":"https:\/\/api.w.org\/{rel}","templated":true}]}}