{"id":318,"date":"2025-02-04T10:46:16","date_gmt":"2025-02-04T07:46:16","guid":{"rendered":"https:\/\/writer.e42art.com\/?p=318"},"modified":"2025-03-20T11:12:34","modified_gmt":"2025-03-20T08:12:34","slug":"cual-es-la-mejor-edad-para-un-lifting-de-cuello","status":"publish","type":"post","link":"https:\/\/drhikmetihsaneren.com\/es\/cual-es-la-mejor-edad-para-un-lifting-de-cuello\/","title":{"rendered":"\u00bfCu\u00e1l es la mejor edad para un lifting de cuello?"},"content":{"rendered":"<p>La cirug\u00eda de estiramiento de cuello (cervicoplastia) es un procedimiento de cirug\u00eda est\u00e9tica que tiene como objetivo reducir los efectos del envejecimiento y eliminar la flacidez, las arrugas y la grasa en el \u00e1rea del cuello. Sin embargo, determinar el rango de edad apropiado es fundamental para obtener resultados \u00f3ptimos. En este art\u00edculo discutiremos en detalle la importancia del factor edad en la cirug\u00eda de lifting de cuello, su relaci\u00f3n con la estructura anat\u00f3mica, los riesgos quir\u00fargicos y el rango de edad \u00f3ptimo.<\/p>\n\n\n\n<figure class=\"wp-block-image size-large\"><img fetchpriority=\"high\" decoding=\"async\" width=\"1024\" height=\"559\" src=\"https:\/\/drhikmetihsaneren.com\/wp-content\/uploads\/2025\/03\/image-1-1024x559.png\" alt=\"\u00bfCu\u00e1l es la mejor edad para un lifting de cuello?\" class=\"wp-image-14807\" srcset=\"https:\/\/drhikmetihsaneren.com\/wp-content\/uploads\/2025\/03\/image-1-1024x559.png 1024w, https:\/\/drhikmetihsaneren.com\/wp-content\/uploads\/2025\/03\/image-1-768x419.png 768w, https:\/\/drhikmetihsaneren.com\/wp-content\/uploads\/2025\/03\/image-1-18x10.png 18w, https:\/\/drhikmetihsaneren.com\/wp-content\/uploads\/2025\/03\/image-1.png 1408w\" sizes=\"(max-width: 1024px) 100vw, 1024px\" \/><\/figure>\n\n\n\n<h2 class=\"wp-block-heading\">Cirug\u00eda de estiramiento de cuello: Factor de edad<\/h2>\n\n\n\n<p>La cirug\u00eda de estiramiento de cuello generalmente se recomienda para personas de 40 a\u00f1os o m\u00e1s. Despu\u00e9s de los 40 a\u00f1os se observa una disminuci\u00f3n significativa de la elasticidad de la piel, laxitud del m\u00fasculo platisma y acumulaci\u00f3n de grasa. Estos factores provocan la flacidez y la formaci\u00f3n de arrugas en el cuello. En cirug\u00edas realizadas a edades m\u00e1s tempranas la tensi\u00f3n de la piel y la estructura muscular son mejores, por lo que los resultados pueden no ser duraderos y ser necesaria una nueva cirug\u00eda a edades m\u00e1s avanzadas. La decisi\u00f3n de realizar la cirug\u00eda debe tomarse teniendo en cuenta el estado general de salud del paciente, la calidad de la piel y las expectativas. La edad es s\u00f3lo un factor y no es suficiente por s\u00ed sola para decidir sobre la cirug\u00eda.<\/p>\n\n\n\n<p>El \u00e9xito de la cirug\u00eda de estiramiento de cuello est\u00e1 directamente relacionado con la calidad de la piel del paciente y la condici\u00f3n de los tejidos debajo. Como la piel joven es m\u00e1s el\u00e1stica y tersa, el proceso de recuperaci\u00f3n postoperatoria es m\u00e1s r\u00e1pido y sin problemas. A medida que envejecemos, la elasticidad de la piel disminuye, lo que aumenta el riesgo de cicatrices posoperatorias. Adem\u00e1s, otros problemas de salud existentes en pacientes mayores pueden aumentar el riesgo de cirug\u00eda. Por lo tanto, el factor edad debe considerarse cuidadosamente durante la fase de planificaci\u00f3n de la cirug\u00eda. Cada paciente debe ser evaluado individualmente y se debe crear un plan de tratamiento personalizado.<\/p>\n\n\n\n<p>En pacientes de mayor edad, otros procedimientos est\u00e9ticos (por ejemplo, estiramiento facial, cirug\u00eda de p\u00e1rpados) pueden combinarse con la cirug\u00eda de estiramiento de cuello. Este enfoque da como resultado una apariencia m\u00e1s juvenil y armoniosa. Sin embargo, los procedimientos combinados pueden tener riesgos y tiempos de recuperaci\u00f3n m\u00e1s prolongados. Por lo tanto, se debe realizar una entrevista detallada con el paciente, explicarles claramente los riesgos y los beneficios y gestionar sus expectativas de forma realista. Se debe establecer una comunicaci\u00f3n estrecha con el paciente antes y despu\u00e9s de la cirug\u00eda y tomar precauciones ante posibles complicaciones.<\/p>\n\n\n\n<p>Aunque la edad es un factor importante a la hora de planificar la cirug\u00eda de estiramiento de cuello, no es el \u00fanico factor decisivo. Tambi\u00e9n se deben evaluar factores como el estado general de salud del paciente, la calidad de la piel, las expectativas y el estilo de vida. Las cirug\u00edas realizadas a una edad m\u00e1s temprana pueden producir resultados menos dram\u00e1ticos y tener efectos a m\u00e1s corto plazo. Por lo tanto, elegir el momento adecuado para obtener resultados \u00f3ptimos es importante tanto para el cirujano como para el paciente.<\/p>\n\n\n\n<h2 class=\"wp-block-heading\">Relaci\u00f3n entre la estructura anat\u00f3mica y la edad<\/h2>\n\n\n\n<p>A medida que envejecemos, se producen cambios significativos en la estructura anat\u00f3mica del \u00e1rea del cuello. El m\u00fasculo platisma se afloja y se produce flacidez. El tejido graso subcut\u00e1neo se acumula y aparece una notable plenitud en el cuello. Se pierde elasticidad de la piel, las arrugas y la flacidez se hacen m\u00e1s profundas. Estos cambios anat\u00f3micos afectan la necesidad y la selecci\u00f3n de la t\u00e9cnica de la cirug\u00eda de estiramiento de cuello. En pacientes de mayor edad, puede ser necesaria una cirug\u00eda m\u00e1s extensa.<\/p>\n\n\n\n<p>Con el avance de la edad, el grosor y la elasticidad de la piel del cuello disminuyen. Esto puede prolongar la recuperaci\u00f3n postoperatoria y aumentar el riesgo de cicatrices. Adem\u00e1s, el debilitamiento de los tejidos de soporte debajo de la piel en pacientes de edad avanzada puede provocar un mayor riesgo de flacidez despu\u00e9s de la cirug\u00eda. Por lo tanto, la planificaci\u00f3n quir\u00fargica en pacientes de edad avanzada debe tener en cuenta estos cambios anat\u00f3micos. El cirujano debe elegir una t\u00e9cnica quir\u00fargica adecuada a la estructura anat\u00f3mica del paciente.<\/p>\n\n\n\n<p>En pacientes de edad avanzada, la estructura \u00f3sea en la zona del cuello tambi\u00e9n puede cambiar. Estos cambios deben tenerse en cuenta en la planificaci\u00f3n quir\u00fargica. Por ejemplo, la degeneraci\u00f3n de la columna cervical en pacientes de edad avanzada es una condici\u00f3n que requiere atenci\u00f3n durante la cirug\u00eda. El cirujano debe realizar una evaluaci\u00f3n detallada y valorar los posibles riesgos antes de la cirug\u00eda. La planificaci\u00f3n quir\u00fargica debe ser espec\u00edfica para la estructura anat\u00f3mica y la edad del paciente.<\/p>\n\n\n\n<p>No hay que olvidar que la estructura anat\u00f3mica que cambia con la edad afecta directamente al resultado de la cirug\u00eda. Los resultados de la cirug\u00eda de estiramiento de cuello para un paciente joven ser\u00e1n diferentes a los de un paciente mayor. Si bien se pueden utilizar t\u00e9cnicas menos invasivas en pacientes m\u00e1s j\u00f3venes, los pacientes mayores pueden requerir un enfoque m\u00e1s integral. Por lo tanto, cada paciente debe ser evaluado individualmente y se debe crear un plan de tratamiento personalizado.<\/p>\n\n\n\n<h2 class=\"wp-block-heading\">Riesgos quir\u00fargicos y rango de edad<\/h2>\n\n\n\n<p>Como ocurre con cualquier procedimiento quir\u00fargico, la cirug\u00eda de estiramiento de cuello conlleva algunos riesgos. Estos riesgos pueden aumentar con la edad del paciente. En pacientes de edad avanzada, las complicaciones relacionadas con la anestesia, el riesgo de infecci\u00f3n y la recuperaci\u00f3n pueden ser m\u00e1s prolongados. Adem\u00e1s, otros problemas de salud existentes en pacientes mayores pueden aumentar el riesgo de cirug\u00eda. Por lo tanto, se debe realizar una evaluaci\u00f3n de salud detallada antes de la cirug\u00eda.<\/p>\n\n\n\n<p>Los riesgos de la cirug\u00eda son mayores en pacientes de edad avanzada con enfermedades cr\u00f3nicas como presi\u00f3n arterial alta, enfermedades card\u00edacas y diabetes. Estos pacientes necesitan ser monitoreados cuidadosamente antes y despu\u00e9s de la cirug\u00eda. El cirujano debe evaluar la salud general del paciente y discutir claramente con \u00e9l los riesgos y beneficios de la cirug\u00eda. La decisi\u00f3n de realizar una cirug\u00eda debe tomarse teniendo en cuenta el estado de salud general del paciente y los riesgos de la cirug\u00eda.<\/p>\n\n\n\n<p>Los pacientes de edad avanzada tienen un mayor riesgo de sangrado posoperatorio, formaci\u00f3n de hematomas e infecci\u00f3n. Por lo tanto, el paciente debe ser monitoreado cuidadosamente en el per\u00edodo postoperatorio y se deben tomar precauciones ante posibles complicaciones. El dolor y la hinchaz\u00f3n posoperatorios pueden durar m\u00e1s tiempo en pacientes mayores. Por lo tanto, el paciente debe recibir apoyo y cuidados adecuados en el per\u00edodo postoperatorio.<\/p>\n\n\n\n<p>La edad es un factor importante que afecta los riesgos de la cirug\u00eda de estiramiento de cuello. Si bien los riesgos son menores en pacientes m\u00e1s j\u00f3venes, pueden ser mayores en pacientes mayores. Sin embargo, los riesgos se pueden minimizar con una selecci\u00f3n adecuada de los pacientes, una cirug\u00eda meticulosa realizada por un cirujano experimentado y un cuidado postoperatorio cuidadoso. Cada paciente debe ser evaluado individualmente y se debe crear un plan de tratamiento personalizado.<\/p>\n\n\n\n<h2 class=\"wp-block-heading\">Gesti\u00f3n \u00f3ptima de la edad y las expectativas<\/h2>\n\n\n\n<p>La edad \u00f3ptima debe determinarse considerando el estado de salud general del paciente, la calidad de la piel y las expectativas. En general, se considera que el rango de edad adecuado para la cirug\u00eda de estiramiento de cuello es entre los 40 y los 60 a\u00f1os. Sin embargo, este rango no es un l\u00edmite definitivo y cada paciente debe ser evaluado individualmente.<\/p>\n\n\n\n<p>Es importante que las expectativas del paciente sean realistas. La cirug\u00eda de estiramiento de cuello no puede detener completamente el envejecimiento. La cirug\u00eda reduce la flacidez y las arrugas del cuello, proporcionando una apariencia m\u00e1s joven y firme. Sin embargo, no se puede garantizar un resultado perfecto. El cirujano debe tener una entrevista preoperatoria detallada con el paciente y manejar las expectativas del paciente de manera realista.<\/p>\n\n\n\n<p>El proceso de recuperaci\u00f3n postoperatoria puede variar dependiendo de la edad y el estado general de salud del paciente. El proceso de recuperaci\u00f3n puede ser m\u00e1s largo en pacientes de edad avanzada. El paciente debe seguir las instrucciones del cirujano y asistir a controles regulares en el postoperatorio. Se debe informar al paciente sobre las posibles complicaciones en el postoperatorio.<\/p>\n\n\n\n<p>Como resultado, la edad \u00f3ptima para la cirug\u00eda de estiramiento de cuello no se puede expresar con una cifra exacta. Cada paciente debe ser evaluado individualmente y se debe crear un plan de tratamiento personalizado. El momento m\u00e1s adecuado para la cirug\u00eda debe determinarse teniendo en cuenta la edad del paciente, su estado general de salud, la calidad de la piel y sus expectativas. La gesti\u00f3n de expectativas realistas es una parte importante del \u00e9xito quir\u00fargico.<\/p>\n\n\n\n<p>La cirug\u00eda de estiramiento de cuello es un m\u00e9todo eficaz para reducir los efectos del envejecimiento. Sin embargo, determinar el rango de edad apropiado y gestionar de manera realista las expectativas del paciente son fundamentales para obtener resultados \u00f3ptimos. Es necesaria una consulta detallada con un cirujano pl\u00e1stico experimentado para crear un plan de tratamiento personalizado y evaluar los posibles riesgos.<\/p>\n\n\n\n<p>Para obtener m\u00e1s informaci\u00f3n y ver resultados exitosos de la cirug\u00eda\u00a0<a href=\"https:\/\/www.instagram.com\/drhikmetihsaneren\/\">Instagram<\/a>\u00a0Visita nuestra p\u00e1gina. Cont\u00e1ctenos ahora para planificar su cirug\u00eda.\u00a0<a href=\"https:\/\/drhikmetihsaneren.com\/es\/comunicacion\/\">comunicaci\u00f3n<\/a>Ir a .<\/p>","protected":false},"excerpt":{"rendered":"<p>La edad ideal para el estiramiento del cuello (ritidoplastia) depende de la elasticidad de la piel y de las expectativas personales. El art\u00edculo {CONTENT} analiza en detalle los factores que determinan la idoneidad de la cirug\u00eda de estiramiento de cuello, los riesgos y el proceso de recuperaci\u00f3n. La opini\u00f3n de los expertos es esencial para determinar el momento m\u00e1s preciso.<\/p>","protected":false},"author":1,"featured_media":14806,"comment_status":"open","ping_status":"open","sticky":false,"template":"","format":"standard","meta":{"content-type":"","inline_featured_image":false,"footnotes":""},"categories":[129],"tags":[],"class_list":["post-318","post","type-post","status-publish","format-standard","has-post-thumbnail","hentry","category-boyun-germe"],"yoast_head":"<!-- This site is optimized with the Yoast SEO plugin v27.5 - https:\/\/yoast.com\/product\/yoast-seo-wordpress\/ -->\n<title>Boyun germe i\u00e7in en uygun ya\u015f nedir? - Op. Hikmet \u0130hsan Eren<\/title>\n<meta name=\"description\" content=\"Boyun germe ameliyat\u0131 i\u00e7in ideal ya\u015f aral\u0131\u011f\u0131n\u0131 ve fakt\u00f6rleri \u00f6\u011frenin. Gen\u00e7 ve din\u00e7 bir boyun g\u00f6r\u00fcn\u00fcm\u00fc i\u00e7in en uygun zaman\u0131 ke\u015ffedin.\" \/>\n<meta name=\"robots\" content=\"index, follow, max-snippet:-1, max-image-preview:large, max-video-preview:-1\" \/>\n<link rel=\"canonical\" href=\"https:\/\/drhikmetihsaneren.com\/es\/cual-es-la-mejor-edad-para-un-lifting-de-cuello\/\" \/>\n<meta property=\"og:locale\" content=\"es_ES\" \/>\n<meta property=\"og:type\" content=\"article\" \/>\n<meta property=\"og:title\" content=\"Boyun germe i\u00e7in en uygun ya\u015f nedir? - Op. Hikmet \u0130hsan Eren\" \/>\n<meta property=\"og:description\" content=\"Boyun germe ameliyat\u0131 i\u00e7in ideal ya\u015f aral\u0131\u011f\u0131n\u0131 ve fakt\u00f6rleri \u00f6\u011frenin. Gen\u00e7 ve din\u00e7 bir boyun g\u00f6r\u00fcn\u00fcm\u00fc i\u00e7in en uygun zaman\u0131 ke\u015ffedin.\" \/>\n<meta property=\"og:url\" content=\"https:\/\/drhikmetihsaneren.com\/es\/cual-es-la-mejor-edad-para-un-lifting-de-cuello\/\" \/>\n<meta property=\"og:site_name\" content=\"Op. Hikmet \u0130hsan Eren\" \/>\n<meta property=\"article:published_time\" content=\"2025-02-04T07:46:16+00:00\" \/>\n<meta property=\"article:modified_time\" content=\"2025-03-20T08:12:34+00:00\" \/>\n<meta property=\"og:image\" content=\"https:\/\/drhikmetihsaneren.com\/wp-content\/uploads\/2025\/03\/image-1024x559.png\" \/>\n\t<meta property=\"og:image:width\" content=\"1024\" \/>\n\t<meta property=\"og:image:height\" content=\"559\" \/>\n\t<meta property=\"og:image:type\" content=\"image\/png\" \/>\n<meta name=\"author\" content=\"admin\" \/>\n<meta name=\"twitter:card\" content=\"summary_large_image\" \/>\n<meta name=\"twitter:label1\" content=\"Escrito por\" \/>\n\t<meta name=\"twitter:data1\" content=\"admin\" \/>\n\t<meta name=\"twitter:label2\" content=\"Tiempo de lectura\" \/>\n\t<meta name=\"twitter:data2\" content=\"7 minutos\" \/>\n<script type=\"application\/ld+json\" class=\"yoast-schema-graph\">{\"@context\":\"https:\\\/\\\/schema.org\",\"@graph\":[{\"@type\":\"Article\",\"@id\":\"https:\\\/\\\/drhikmetihsaneren.com\\\/boyun-germe-icin-en-uygun-yas-nedir\\\/#article\",\"isPartOf\":{\"@id\":\"https:\\\/\\\/drhikmetihsaneren.com\\\/boyun-germe-icin-en-uygun-yas-nedir\\\/\"},\"author\":{\"name\":\"admin\",\"@id\":\"https:\\\/\\\/drhikmetihsaneren.com\\\/#\\\/schema\\\/person\\\/ead3a6bcc737ac7017cb2de6e23f5ea4\"},\"headline\":\"Boyun germe i\u00e7in en uygun ya\u015f nedir?\",\"datePublished\":\"2025-02-04T07:46:16+00:00\",\"dateModified\":\"2025-03-20T08:12:34+00:00\",\"mainEntityOfPage\":{\"@id\":\"https:\\\/\\\/drhikmetihsaneren.com\\\/boyun-germe-icin-en-uygun-yas-nedir\\\/\"},\"wordCount\":1433,\"commentCount\":0,\"image\":{\"@id\":\"https:\\\/\\\/drhikmetihsaneren.com\\\/boyun-germe-icin-en-uygun-yas-nedir\\\/#primaryimage\"},\"thumbnailUrl\":\"https:\\\/\\\/drhikmetihsaneren.com\\\/wp-content\\\/uploads\\\/2025\\\/03\\\/image.png\",\"articleSection\":[\"Boyun Germe\"],\"inLanguage\":\"es\",\"potentialAction\":[{\"@type\":\"CommentAction\",\"name\":\"Comment\",\"target\":[\"https:\\\/\\\/drhikmetihsaneren.com\\\/boyun-germe-icin-en-uygun-yas-nedir\\\/#respond\"]}]},{\"@type\":\"WebPage\",\"@id\":\"https:\\\/\\\/drhikmetihsaneren.com\\\/boyun-germe-icin-en-uygun-yas-nedir\\\/\",\"url\":\"https:\\\/\\\/drhikmetihsaneren.com\\\/boyun-germe-icin-en-uygun-yas-nedir\\\/\",\"name\":\"Boyun germe i\u00e7in en uygun ya\u015f nedir? - Op. Hikmet \u0130hsan Eren\",\"isPartOf\":{\"@id\":\"https:\\\/\\\/drhikmetihsaneren.com\\\/#website\"},\"primaryImageOfPage\":{\"@id\":\"https:\\\/\\\/drhikmetihsaneren.com\\\/boyun-germe-icin-en-uygun-yas-nedir\\\/#primaryimage\"},\"image\":{\"@id\":\"https:\\\/\\\/drhikmetihsaneren.com\\\/boyun-germe-icin-en-uygun-yas-nedir\\\/#primaryimage\"},\"thumbnailUrl\":\"https:\\\/\\\/drhikmetihsaneren.com\\\/wp-content\\\/uploads\\\/2025\\\/03\\\/image.png\",\"datePublished\":\"2025-02-04T07:46:16+00:00\",\"dateModified\":\"2025-03-20T08:12:34+00:00\",\"author\":{\"@id\":\"https:\\\/\\\/drhikmetihsaneren.com\\\/#\\\/schema\\\/person\\\/ead3a6bcc737ac7017cb2de6e23f5ea4\"},\"description\":\"Boyun germe ameliyat\u0131 i\u00e7in ideal ya\u015f aral\u0131\u011f\u0131n\u0131 ve fakt\u00f6rleri \u00f6\u011frenin. Gen\u00e7 ve din\u00e7 bir boyun g\u00f6r\u00fcn\u00fcm\u00fc i\u00e7in en uygun zaman\u0131 ke\u015ffedin.\",\"breadcrumb\":{\"@id\":\"https:\\\/\\\/drhikmetihsaneren.com\\\/boyun-germe-icin-en-uygun-yas-nedir\\\/#breadcrumb\"},\"inLanguage\":\"es\",\"potentialAction\":[{\"@type\":\"ReadAction\",\"target\":[\"https:\\\/\\\/drhikmetihsaneren.com\\\/boyun-germe-icin-en-uygun-yas-nedir\\\/\"]}]},{\"@type\":\"ImageObject\",\"inLanguage\":\"es\",\"@id\":\"https:\\\/\\\/drhikmetihsaneren.com\\\/boyun-germe-icin-en-uygun-yas-nedir\\\/#primaryimage\",\"url\":\"https:\\\/\\\/drhikmetihsaneren.com\\\/wp-content\\\/uploads\\\/2025\\\/03\\\/image.png\",\"contentUrl\":\"https:\\\/\\\/drhikmetihsaneren.com\\\/wp-content\\\/uploads\\\/2025\\\/03\\\/image.png\",\"width\":1408,\"height\":768,\"caption\":\"Boyun germe i\u00e7in en uygun ya\u015f nedir?\"},{\"@type\":\"BreadcrumbList\",\"@id\":\"https:\\\/\\\/drhikmetihsaneren.com\\\/boyun-germe-icin-en-uygun-yas-nedir\\\/#breadcrumb\",\"itemListElement\":[{\"@type\":\"ListItem\",\"position\":1,\"name\":\"Anasayfa\",\"item\":\"https:\\\/\\\/drhikmetihsaneren.com\\\/\"},{\"@type\":\"ListItem\",\"position\":2,\"name\":\"Boyun germe i\u00e7in en uygun ya\u015f nedir?\"}]},{\"@type\":\"WebSite\",\"@id\":\"https:\\\/\\\/drhikmetihsaneren.com\\\/#website\",\"url\":\"https:\\\/\\\/drhikmetihsaneren.com\\\/\",\"name\":\"Op. Hikmet \u0130hsan Eren\",\"description\":\"Estetik Cerrahi\",\"potentialAction\":[{\"@type\":\"SearchAction\",\"target\":{\"@type\":\"EntryPoint\",\"urlTemplate\":\"https:\\\/\\\/drhikmetihsaneren.com\\\/?s={search_term_string}\"},\"query-input\":{\"@type\":\"PropertyValueSpecification\",\"valueRequired\":true,\"valueName\":\"search_term_string\"}}],\"inLanguage\":\"es\"},{\"@type\":\"Person\",\"@id\":\"https:\\\/\\\/drhikmetihsaneren.com\\\/#\\\/schema\\\/person\\\/ead3a6bcc737ac7017cb2de6e23f5ea4\",\"name\":\"admin\",\"image\":{\"@type\":\"ImageObject\",\"inLanguage\":\"es\",\"@id\":\"https:\\\/\\\/drhikmetihsaneren.com\\\/wp-content\\\/litespeed\\\/avatar\\\/e103683e0c7e21e1fe27206d385cb424.jpg?ver=1776871647\",\"url\":\"https:\\\/\\\/drhikmetihsaneren.com\\\/wp-content\\\/litespeed\\\/avatar\\\/e103683e0c7e21e1fe27206d385cb424.jpg?ver=1776871647\",\"contentUrl\":\"https:\\\/\\\/drhikmetihsaneren.com\\\/wp-content\\\/litespeed\\\/avatar\\\/e103683e0c7e21e1fe27206d385cb424.jpg?ver=1776871647\",\"caption\":\"admin\"},\"sameAs\":[\"https:\\\/\\\/drhikmetihsaneren.com\"],\"url\":\"https:\\\/\\\/drhikmetihsaneren.com\\\/es\\\/author\\\/admin\\\/\"}]}<\/script>\n<!-- \/ Yoast SEO plugin. -->","yoast_head_json":{"title":"\u00bfCu\u00e1l es la mejor edad para un lifting de cuello? - Op. Hikmet Ihsan Eren","description":"Conozca el rango de edad ideal y los factores para la cirug\u00eda de estiramiento de cuello. Descubre el mejor momento para conseguir un cuello con un aspecto joven y saludable.","robots":{"index":"index","follow":"follow","max-snippet":"max-snippet:-1","max-image-preview":"max-image-preview:large","max-video-preview":"max-video-preview:-1"},"canonical":"https:\/\/drhikmetihsaneren.com\/es\/cual-es-la-mejor-edad-para-un-lifting-de-cuello\/","og_locale":"es_ES","og_type":"article","og_title":"Boyun germe i\u00e7in en uygun ya\u015f nedir? - Op. Hikmet \u0130hsan Eren","og_description":"Boyun germe ameliyat\u0131 i\u00e7in ideal ya\u015f aral\u0131\u011f\u0131n\u0131 ve fakt\u00f6rleri \u00f6\u011frenin. Gen\u00e7 ve din\u00e7 bir boyun g\u00f6r\u00fcn\u00fcm\u00fc i\u00e7in en uygun zaman\u0131 ke\u015ffedin.","og_url":"https:\/\/drhikmetihsaneren.com\/es\/cual-es-la-mejor-edad-para-un-lifting-de-cuello\/","og_site_name":"Op. Hikmet \u0130hsan Eren","article_published_time":"2025-02-04T07:46:16+00:00","article_modified_time":"2025-03-20T08:12:34+00:00","og_image":[{"width":1024,"height":559,"url":"https:\/\/drhikmetihsaneren.com\/wp-content\/uploads\/2025\/03\/image-1024x559.png","type":"image\/png"}],"author":"admin","twitter_card":"summary_large_image","twitter_misc":{"Escrito por":"admin","Tiempo de lectura":"7 minutos"},"schema":{"@context":"https:\/\/schema.org","@graph":[{"@type":"Article","@id":"https:\/\/drhikmetihsaneren.com\/boyun-germe-icin-en-uygun-yas-nedir\/#article","isPartOf":{"@id":"https:\/\/drhikmetihsaneren.com\/boyun-germe-icin-en-uygun-yas-nedir\/"},"author":{"name":"admin","@id":"https:\/\/drhikmetihsaneren.com\/#\/schema\/person\/ead3a6bcc737ac7017cb2de6e23f5ea4"},"headline":"Boyun germe i\u00e7in en uygun ya\u015f nedir?","datePublished":"2025-02-04T07:46:16+00:00","dateModified":"2025-03-20T08:12:34+00:00","mainEntityOfPage":{"@id":"https:\/\/drhikmetihsaneren.com\/boyun-germe-icin-en-uygun-yas-nedir\/"},"wordCount":1433,"commentCount":0,"image":{"@id":"https:\/\/drhikmetihsaneren.com\/boyun-germe-icin-en-uygun-yas-nedir\/#primaryimage"},"thumbnailUrl":"https:\/\/drhikmetihsaneren.com\/wp-content\/uploads\/2025\/03\/image.png","articleSection":["Boyun Germe"],"inLanguage":"es","potentialAction":[{"@type":"CommentAction","name":"Comment","target":["https:\/\/drhikmetihsaneren.com\/boyun-germe-icin-en-uygun-yas-nedir\/#respond"]}]},{"@type":"WebPage","@id":"https:\/\/drhikmetihsaneren.com\/boyun-germe-icin-en-uygun-yas-nedir\/","url":"https:\/\/drhikmetihsaneren.com\/boyun-germe-icin-en-uygun-yas-nedir\/","name":"\u00bfCu\u00e1l es la mejor edad para un lifting de cuello? - Op. Hikmet Ihsan Eren","isPartOf":{"@id":"https:\/\/drhikmetihsaneren.com\/#website"},"primaryImageOfPage":{"@id":"https:\/\/drhikmetihsaneren.com\/boyun-germe-icin-en-uygun-yas-nedir\/#primaryimage"},"image":{"@id":"https:\/\/drhikmetihsaneren.com\/boyun-germe-icin-en-uygun-yas-nedir\/#primaryimage"},"thumbnailUrl":"https:\/\/drhikmetihsaneren.com\/wp-content\/uploads\/2025\/03\/image.png","datePublished":"2025-02-04T07:46:16+00:00","dateModified":"2025-03-20T08:12:34+00:00","author":{"@id":"https:\/\/drhikmetihsaneren.com\/#\/schema\/person\/ead3a6bcc737ac7017cb2de6e23f5ea4"},"description":"Conozca el rango de edad ideal y los factores para la cirug\u00eda de estiramiento de cuello. Descubre el mejor momento para conseguir un cuello con un aspecto joven y saludable.","breadcrumb":{"@id":"https:\/\/drhikmetihsaneren.com\/boyun-germe-icin-en-uygun-yas-nedir\/#breadcrumb"},"inLanguage":"es","potentialAction":[{"@type":"ReadAction","target":["https:\/\/drhikmetihsaneren.com\/boyun-germe-icin-en-uygun-yas-nedir\/"]}]},{"@type":"ImageObject","inLanguage":"es","@id":"https:\/\/drhikmetihsaneren.com\/boyun-germe-icin-en-uygun-yas-nedir\/#primaryimage","url":"https:\/\/drhikmetihsaneren.com\/wp-content\/uploads\/2025\/03\/image.png","contentUrl":"https:\/\/drhikmetihsaneren.com\/wp-content\/uploads\/2025\/03\/image.png","width":1408,"height":768,"caption":"Boyun germe i\u00e7in en uygun ya\u015f nedir?"},{"@type":"BreadcrumbList","@id":"https:\/\/drhikmetihsaneren.com\/boyun-germe-icin-en-uygun-yas-nedir\/#breadcrumb","itemListElement":[{"@type":"ListItem","position":1,"name":"Anasayfa","item":"https:\/\/drhikmetihsaneren.com\/"},{"@type":"ListItem","position":2,"name":"Boyun germe i\u00e7in en uygun ya\u015f nedir?"}]},{"@type":"WebSite","@id":"https:\/\/drhikmetihsaneren.com\/#website","url":"https:\/\/drhikmetihsaneren.com\/","name":"Beso. Hikmet \u0130hsan Eren","description":"Cirug\u00eda pl\u00e1stica","potentialAction":[{"@type":"SearchAction","target":{"@type":"EntryPoint","urlTemplate":"https:\/\/drhikmetihsaneren.com\/?s={search_term_string}"},"query-input":{"@type":"PropertyValueSpecification","valueRequired":true,"valueName":"search_term_string"}}],"inLanguage":"es"},{"@type":"Person","@id":"https:\/\/drhikmetihsaneren.com\/#\/schema\/person\/ead3a6bcc737ac7017cb2de6e23f5ea4","name":"administraci\u00f3n","image":{"@type":"ImageObject","inLanguage":"es","@id":"https:\/\/drhikmetihsaneren.com\/wp-content\/litespeed\/avatar\/e103683e0c7e21e1fe27206d385cb424.jpg?ver=1776871647","url":"https:\/\/drhikmetihsaneren.com\/wp-content\/litespeed\/avatar\/e103683e0c7e21e1fe27206d385cb424.jpg?ver=1776871647","contentUrl":"https:\/\/drhikmetihsaneren.com\/wp-content\/litespeed\/avatar\/e103683e0c7e21e1fe27206d385cb424.jpg?ver=1776871647","caption":"admin"},"sameAs":["https:\/\/drhikmetihsaneren.com"],"url":"https:\/\/drhikmetihsaneren.com\/es\/author\/admin\/"}]}},"_links":{"self":[{"href":"https:\/\/drhikmetihsaneren.com\/es\/wp-json\/wp\/v2\/posts\/318","targetHints":{"allow":["GET"]}}],"collection":[{"href":"https:\/\/drhikmetihsaneren.com\/es\/wp-json\/wp\/v2\/posts"}],"about":[{"href":"https:\/\/drhikmetihsaneren.com\/es\/wp-json\/wp\/v2\/types\/post"}],"author":[{"embeddable":true,"href":"https:\/\/drhikmetihsaneren.com\/es\/wp-json\/wp\/v2\/users\/1"}],"replies":[{"embeddable":true,"href":"https:\/\/drhikmetihsaneren.com\/es\/wp-json\/wp\/v2\/comments?post=318"}],"version-history":[{"count":1,"href":"https:\/\/drhikmetihsaneren.com\/es\/wp-json\/wp\/v2\/posts\/318\/revisions"}],"predecessor-version":[{"id":14808,"href":"https:\/\/drhikmetihsaneren.com\/es\/wp-json\/wp\/v2\/posts\/318\/revisions\/14808"}],"wp:featuredmedia":[{"embeddable":true,"href":"https:\/\/drhikmetihsaneren.com\/es\/wp-json\/wp\/v2\/media\/14806"}],"wp:attachment":[{"href":"https:\/\/drhikmetihsaneren.com\/es\/wp-json\/wp\/v2\/media?parent=318"}],"wp:term":[{"taxonomy":"category","embeddable":true,"href":"https:\/\/drhikmetihsaneren.com\/es\/wp-json\/wp\/v2\/categories?post=318"},{"taxonomy":"post_tag","embeddable":true,"href":"https:\/\/drhikmetihsaneren.com\/es\/wp-json\/wp\/v2\/tags?post=318"}],"curies":[{"name":"wp","href":"https:\/\/api.w.org\/{rel}","templated":true}]}}