{"id":335,"date":"2025-02-05T22:39:04","date_gmt":"2025-02-05T19:39:04","guid":{"rendered":"https:\/\/writer.e42art.com\/?p=335"},"modified":"2025-03-20T11:12:02","modified_gmt":"2025-03-20T08:12:02","slug":"mes-rides-continueront-elles-a-apparaitre-apres-un-lifting-du-cou","status":"publish","type":"post","link":"https:\/\/drhikmetihsaneren.com\/fr\/mes-rides-continueront-elles-a-apparaitre-apres-un-lifting-du-cou\/","title":{"rendered":"Mes rides persisteront-elles apr\u00e8s un lifting du cou ?"},"content":{"rendered":"<p>Le lifting du cou est une intervention chirurgicale efficace utilis\u00e9e pour r\u00e9duire les effets du vieillissement et \u00e9liminer l\u2019affaissement de la r\u00e9gion du cou. Cependant, la question de savoir si les rides dispara\u00eetront compl\u00e8tement apr\u00e8s l\u2019intervention est une question qui inqui\u00e8te de nombreux patients. Cet article couvrira en d\u00e9tail la formation des rides apr\u00e8s un lifting du cou, les r\u00e9sultats attendus et les recommandations de soins pour des r\u00e9sultats permanents.<\/p>\n\n\n\n<figure class=\"wp-block-image size-large\"><img fetchpriority=\"high\" decoding=\"async\" width=\"1024\" height=\"559\" src=\"https:\/\/drhikmetihsaneren.com\/wp-content\/uploads\/2025\/03\/image-5-1024x559.png\" alt=\"Mes rides persisteront-elles apr\u00e8s un lifting du cou ?\" class=\"wp-image-14813\" srcset=\"https:\/\/drhikmetihsaneren.com\/wp-content\/uploads\/2025\/03\/image-5-1024x559.png 1024w, https:\/\/drhikmetihsaneren.com\/wp-content\/uploads\/2025\/03\/image-5-768x419.png 768w, https:\/\/drhikmetihsaneren.com\/wp-content\/uploads\/2025\/03\/image-5-18x10.png 18w, https:\/\/drhikmetihsaneren.com\/wp-content\/uploads\/2025\/03\/image-5.png 1408w\" sizes=\"(max-width: 1024px) 100vw, 1024px\" \/><\/figure>\n\n\n\n<h2 class=\"wp-block-heading\">Lifting du cou : formation de rides<\/h2>\n\n\n\n<p>Les rides dans la r\u00e9gion du cou apparaissent pour diverses raisons, notamment la perte d\u2019\u00e9lasticit\u00e9 de la peau, la diminution de la production de collag\u00e8ne et d\u2019\u00e9lastine, les dommages caus\u00e9s par le soleil et les facteurs g\u00e9n\u00e9tiques. Avec le processus de vieillissement, la peau devient plus fine, un affaissement commence et des rides plus profondes apparaissent. Ces rides deviennent \u00e9galement plus visibles \u00e0 mesure que le muscle platysma se d\u00e9tend. La chirurgie de lifting du cou vise \u00e0 \u00e9liminer cet affaissement et ce rel\u00e2chement ; Cependant, il se peut que cela n\u2019\u00e9limine pas compl\u00e8tement toutes les rides existantes. Les rides profondes et les l\u00e9sions cutan\u00e9es peuvent ne pas \u00eatre compl\u00e8tement corrig\u00e9es par une intervention chirurgicale.<\/p>\n\n\n\n<p>L\u2019\u00e9tirement du muscle platysma et l\u2019\u00e9limination de l\u2019exc\u00e8s de peau am\u00e9liorent le contour du cou, offrant une apparence plus jeune. Cependant, les ridules et les rides superficielles peuvent ne pas dispara\u00eetre compl\u00e8tement apr\u00e8s l\u2019intervention. Cela d\u00e9pend de l\u2019\u00e2ge du patient, de la qualit\u00e9 de sa peau et de la gravit\u00e9 des rides existantes. Des m\u00e9thodes de traitement suppl\u00e9mentaires peuvent \u00eatre n\u00e9cessaires pour les rides profondes. Par exemple, les produits de comblement ou les traitements au laser peuvent compl\u00e9ter des r\u00e9sultats qui ne peuvent \u00eatre obtenus par la chirurgie.<\/p>\n\n\n\n<p>La qualit\u00e9 de la peau et les facteurs g\u00e9n\u00e9tiques sont des facteurs importants qui affectent les r\u00e9sultats du lifting du cou. Les r\u00e9sultats peuvent \u00eatre plus visibles et durables chez les patients ayant une peau \u00e9paisse et \u00e9lastique. Au contraire, chez les patients ayant une peau fine et ab\u00eem\u00e9e, il peut \u00eatre plus difficile d\u2019\u00e9liminer compl\u00e8tement les rides. Il est donc extr\u00eamement important de d\u00e9finir des attentes r\u00e9alistes et de proc\u00e9der \u00e0 une \u00e9valuation d\u00e9taill\u00e9e avant l\u2019intervention chirurgicale.<\/p>\n\n\n\n<p>\u00c9tant donn\u00e9 que l\u2019anatomie de chaque patient est diff\u00e9rente, la quantit\u00e9 de rides qui appara\u00eetront \u00e0 la suite d\u2019un lifting du cou variera d\u2019une personne \u00e0 l\u2019autre. Il est important d\u2019avoir une rencontre d\u00e9taill\u00e9e avec le chirurgien avant l\u2019intervention pour discuter de vos attentes et des r\u00e9sultats possibles afin d\u2019\u00e9viter toute d\u00e9ception. Les photographies et les mod\u00e8les 3D peuvent vous aider \u00e0 mieux comprendre l\u2019apparence postop\u00e9ratoire.<\/p>\n\n\n\n<h2 class=\"wp-block-heading\">Attentes en mati\u00e8re de rides apr\u00e8s l&#039;intervention<\/h2>\n\n\n\n<p>Apr\u00e8s une chirurgie de lifting du cou, on peut s\u2019attendre \u00e0 une r\u00e9duction de l\u2019importance des rides existantes. Cependant, il n\u2019est pas toujours possible de l\u2019\u00e9liminer compl\u00e8tement. Les rides profondes et persistantes ne peuvent pas \u00eatre compl\u00e8tement corrig\u00e9es par la chirurgie. Les rides superficielles diminuent g\u00e9n\u00e9ralement de mani\u00e8re significative ou peuvent dispara\u00eetre compl\u00e8tement. Cela d\u00e9pend de l\u2019\u00e2ge du patient, du type de peau et de la technique chirurgicale.<\/p>\n\n\n\n<p>Au cours du processus de r\u00e9cup\u00e9ration postop\u00e9ratoire, les rides peuvent appara\u00eetre plus prononc\u00e9es en raison du gonflement et des ecchymoses. Ceci est temporaire et dispara\u00eetra dans quelques semaines. Une fois le processus de gu\u00e9rison termin\u00e9, la r\u00e9duction des rides peut \u00eatre observ\u00e9e plus clairement. Cependant, il n\u2019est pas possible d\u2019emp\u00eacher compl\u00e8tement la formation de nouvelles rides. \u00c0 mesure que le processus de vieillissement se poursuit, de nouvelles rides peuvent appara\u00eetre au fil du temps.<\/p>\n\n\n\n<p>La constitution g\u00e9n\u00e9tique et le mode de vie du patient affectent \u00e9galement la formation et l\u2019apparence des rides. L\u2019exposition au soleil, le tabagisme et des soins de la peau inad\u00e9quats peuvent acc\u00e9l\u00e9rer la formation des rides et les rendre plus visibles. Par cons\u00e9quent, les soins de la peau postop\u00e9ratoires et la protection solaire sont extr\u00eamement importants.<\/p>\n\n\n\n<p>Les attentes en mati\u00e8re de rides apr\u00e8s l\u2019intervention doivent \u00eatre d\u00e9termin\u00e9es apr\u00e8s une discussion d\u00e9taill\u00e9e avec le chirurgien. \u00c9tablir des attentes r\u00e9alistes et comprendre les r\u00e9sultats postop\u00e9ratoires possibles augmente la satisfaction du patient. Le chirurgien d\u00e9termine le plan de traitement le plus appropri\u00e9 en fonction des besoins individuels du patient et explique les r\u00e9sultats possibles.<\/p>\n\n\n\n<h2 class=\"wp-block-heading\">R\u00e9duction des rides et son processus<\/h2>\n\n\n\n<p>Apr\u00e8s une chirurgie de lifting du cou, la r\u00e9duction des rides est un processus progressif. Au cours des premi\u00e8res semaines, les rides peuvent appara\u00eetre plus visibles en raison du gonflement et des ecchymoses. Cependant, \u00e0 mesure que le processus de gu\u00e9rison progresse, l\u2019enflure et les ecchymoses diminueront et la r\u00e9duction des rides deviendra plus visible. Ce processus prend g\u00e9n\u00e9ralement plusieurs mois.<\/p>\n\n\n\n<p>L\u2019augmentation de la production de collag\u00e8ne et d\u2019\u00e9lastine dans la peau contribue \u00e0 la r\u00e9duction des rides. Dans la p\u00e9riode postop\u00e9ratoire, des cr\u00e8mes et des s\u00e9rums sp\u00e9ciaux peuvent \u00eatre utilis\u00e9s pour soutenir le processus de cicatrisation de la peau. Ces produits peuvent aider \u00e0 am\u00e9liorer l\u2019\u00e9lasticit\u00e9 de la peau et \u00e0 r\u00e9duire l\u2019apparence des rides. Cependant, l\u2019efficacit\u00e9 de ces produits est limit\u00e9e et ils ne remplacent pas une intervention chirurgicale.<\/p>\n\n\n\n<p>La r\u00e9duction des rides varie en fonction de l\u2019\u00e2ge du patient, du type de peau et du mode de vie. Chez les patients ayant une peau jeune et saine, la r\u00e9duction des rides peut \u00eatre plus rapide et plus visible. Chez les patients dont la peau est plus \u00e2g\u00e9e ou ab\u00eem\u00e9e, ce processus peut prendre plus de temps.<\/p>\n\n\n\n<p>Des contr\u00f4les r\u00e9guliers tout au long du processus de gu\u00e9rison sont importants pour surveiller la r\u00e9duction des rides et d\u00e9tecter pr\u00e9cocement d\u2019\u00e9ventuelles complications. Le chirurgien surveille de pr\u00e8s le processus de r\u00e9cup\u00e9ration du patient et propose des recommandations de traitement suppl\u00e9mentaires si n\u00e9cessaire.<\/p>\n\n\n\n<h2 class=\"wp-block-heading\">R\u00e9sultats permanents et recommandations d&#039;entretien<\/h2>\n\n\n\n<p>Les r\u00e9sultats permanents de la chirurgie de lifting du cou d\u00e9pendent du mode de vie et des habitudes de soins de la peau du patient. L\u2019exposition au soleil, le tabagisme et des soins de la peau inad\u00e9quats peuvent entra\u00eener la r\u00e9apparition des rides et une disparition plus rapide des r\u00e9sultats de la chirurgie.<\/p>\n\n\n\n<p>L\u2019utilisation r\u00e9guli\u00e8re d\u2019un \u00e9cran solaire est extr\u00eamement importante pour pr\u00e9venir les dommages caus\u00e9s par le soleil et ralentir la formation des rides. Les cr\u00e8mes solaires \u00e0 large spectre avec des valeurs SPF \u00e9lev\u00e9es doivent \u00eatre privil\u00e9gi\u00e9es. De plus, il faut arr\u00eater de fumer car cela acc\u00e9l\u00e8re le vieillissement de la peau.<\/p>\n\n\n\n<p>Un mode de vie sain permet de pr\u00e9server les r\u00e9sultats de la chirurgie pendant longtemps. L\u2019exercice r\u00e9gulier, une alimentation \u00e9quilibr\u00e9e et un sommeil ad\u00e9quat am\u00e9liorent la sant\u00e9 de la peau et ralentissent la formation des rides. De plus, des soins de la peau r\u00e9guliers aident \u00e0 am\u00e9liorer l\u2019\u00e9lasticit\u00e9 de la peau et \u00e0 r\u00e9duire l\u2019apparence des rides.<\/p>\n\n\n\n<p>En plus d\u2019une routine r\u00e9guli\u00e8re de soins de la peau, certains patients peuvent n\u00e9cessiter des traitements suppl\u00e9mentaires. Les traitements au laser, les produits de comblement ou les injections de Botox peuvent compl\u00e9ter les r\u00e9sultats de la chirurgie et r\u00e9duire davantage l\u2019apparence des rides. Ces traitements compl\u00e9mentaires doivent \u00eatre \u00e9valu\u00e9s et recommand\u00e9s par le chirurgien.<\/p>\n\n\n\n<p>En cons\u00e9quence, la chirurgie de lifting du cou offre une apparence plus jeune en \u00e9liminant l\u2019affaissement et le rel\u00e2chement de la r\u00e9gion du cou. Cependant, il n\u2019est pas toujours possible d\u2019\u00e9liminer compl\u00e8tement les rides existantes. Il est important d\u2019\u00e9tablir des attentes r\u00e9alistes et de suivre les recommandations de soins de la peau postop\u00e9ratoires pour obtenir des r\u00e9sultats durables. Des contr\u00f4les r\u00e9guliers et un suivi r\u00e9gulier avec votre chirurgien sont essentiels pour \u00e9viter d\u2019\u00e9ventuelles complications et obtenir les meilleurs r\u00e9sultats.<\/p>\n\n\n\n<p>Pour en savoir plus et voir les r\u00e9sultats chirurgicaux r\u00e9ussis\u00a0<a href=\"https:\/\/www.instagram.com\/drhikmetihsaneren\/\">Instagram<\/a>\u00a0Visitez notre page. Contactez-nous d\u00e8s maintenant pour planifier votre chirurgie.\u00a0<a href=\"https:\/\/drhikmetihsaneren.com\/fr\/communication\/\">communication<\/a>Aller \u00e0 .<\/p>","protected":false},"excerpt":{"rendered":"<p>Les rides peuvent ne pas dispara\u00eetre compl\u00e8tement apr\u00e8s un lifting du cou. Dans notre article {CONTENT}, nous discutons de l\u2019effet de r\u00e9duction des rides de la chirurgie de lifting du cou, de sa permanence et des moyens de rendre vos attentes r\u00e9alistes avec des d\u00e9tails techniques. D\u00e9couvrez les r\u00e9sultats possibles pour une apparence plus jeune.<\/p>","protected":false},"author":1,"featured_media":14812,"comment_status":"open","ping_status":"open","sticky":false,"template":"","format":"standard","meta":{"content-type":"","inline_featured_image":false,"footnotes":""},"categories":[129],"tags":[],"class_list":["post-335","post","type-post","status-publish","format-standard","has-post-thumbnail","hentry","category-boyun-germe"],"yoast_head":"<!-- This site is optimized with the Yoast SEO plugin v27.5 - https:\/\/yoast.com\/product\/yoast-seo-wordpress\/ -->\n<title>Boyun germe sonras\u0131nda k\u0131r\u0131\u015f\u0131kl\u0131klar\u0131m devam eder mi? - Op. Hikmet \u0130hsan Eren<\/title>\n<meta name=\"description\" content=\"Boyun germe sonras\u0131nda k\u0131r\u0131\u015f\u0131kl\u0131klar\u0131m devam eder mi? \u015eimdi yaz\u0131m\u0131z\u0131 okuyarak ke\u015ffedin!\" \/>\n<meta name=\"robots\" content=\"index, follow, max-snippet:-1, max-image-preview:large, max-video-preview:-1\" \/>\n<link rel=\"canonical\" href=\"https:\/\/drhikmetihsaneren.com\/fr\/mes-rides-continueront-elles-a-apparaitre-apres-un-lifting-du-cou\/\" \/>\n<meta property=\"og:locale\" content=\"fr_FR\" \/>\n<meta property=\"og:type\" content=\"article\" \/>\n<meta property=\"og:title\" content=\"Boyun germe sonras\u0131nda k\u0131r\u0131\u015f\u0131kl\u0131klar\u0131m devam eder mi? - Op. Hikmet \u0130hsan Eren\" \/>\n<meta property=\"og:description\" content=\"Boyun germe sonras\u0131nda k\u0131r\u0131\u015f\u0131kl\u0131klar\u0131m devam eder mi? \u015eimdi yaz\u0131m\u0131z\u0131 okuyarak ke\u015ffedin!\" \/>\n<meta property=\"og:url\" content=\"https:\/\/drhikmetihsaneren.com\/fr\/mes-rides-continueront-elles-a-apparaitre-apres-un-lifting-du-cou\/\" \/>\n<meta property=\"og:site_name\" content=\"Op. Hikmet \u0130hsan Eren\" \/>\n<meta property=\"article:published_time\" content=\"2025-02-05T19:39:04+00:00\" \/>\n<meta property=\"article:modified_time\" content=\"2025-03-20T08:12:02+00:00\" \/>\n<meta property=\"og:image\" content=\"https:\/\/drhikmetihsaneren.com\/wp-content\/uploads\/2025\/03\/image-4-1024x559.png\" \/>\n\t<meta property=\"og:image:width\" content=\"1024\" \/>\n\t<meta property=\"og:image:height\" content=\"559\" \/>\n\t<meta property=\"og:image:type\" content=\"image\/png\" \/>\n<meta name=\"author\" content=\"admin\" \/>\n<meta name=\"twitter:card\" content=\"summary_large_image\" \/>\n<meta name=\"twitter:label1\" content=\"\u00c9crit par\" \/>\n\t<meta name=\"twitter:data1\" content=\"admin\" \/>\n\t<meta name=\"twitter:label2\" content=\"Dur\u00e9e de lecture estim\u00e9e\" \/>\n\t<meta name=\"twitter:data2\" content=\"6 minutes\" \/>\n<script type=\"application\/ld+json\" class=\"yoast-schema-graph\">{\"@context\":\"https:\\\/\\\/schema.org\",\"@graph\":[{\"@type\":\"Article\",\"@id\":\"https:\\\/\\\/drhikmetihsaneren.com\\\/boyun-germe-sonrasinda-kirisikliklarim-devam-eder-mi\\\/#article\",\"isPartOf\":{\"@id\":\"https:\\\/\\\/drhikmetihsaneren.com\\\/boyun-germe-sonrasinda-kirisikliklarim-devam-eder-mi\\\/\"},\"author\":{\"name\":\"admin\",\"@id\":\"https:\\\/\\\/drhikmetihsaneren.com\\\/#\\\/schema\\\/person\\\/ead3a6bcc737ac7017cb2de6e23f5ea4\"},\"headline\":\"Boyun germe sonras\u0131nda k\u0131r\u0131\u015f\u0131kl\u0131klar\u0131m devam eder mi?\",\"datePublished\":\"2025-02-05T19:39:04+00:00\",\"dateModified\":\"2025-03-20T08:12:02+00:00\",\"mainEntityOfPage\":{\"@id\":\"https:\\\/\\\/drhikmetihsaneren.com\\\/boyun-germe-sonrasinda-kirisikliklarim-devam-eder-mi\\\/\"},\"wordCount\":1329,\"commentCount\":0,\"image\":{\"@id\":\"https:\\\/\\\/drhikmetihsaneren.com\\\/boyun-germe-sonrasinda-kirisikliklarim-devam-eder-mi\\\/#primaryimage\"},\"thumbnailUrl\":\"https:\\\/\\\/drhikmetihsaneren.com\\\/wp-content\\\/uploads\\\/2025\\\/03\\\/image-4.png\",\"articleSection\":[\"Boyun Germe\"],\"inLanguage\":\"fr-FR\",\"potentialAction\":[{\"@type\":\"CommentAction\",\"name\":\"Comment\",\"target\":[\"https:\\\/\\\/drhikmetihsaneren.com\\\/boyun-germe-sonrasinda-kirisikliklarim-devam-eder-mi\\\/#respond\"]}]},{\"@type\":\"WebPage\",\"@id\":\"https:\\\/\\\/drhikmetihsaneren.com\\\/boyun-germe-sonrasinda-kirisikliklarim-devam-eder-mi\\\/\",\"url\":\"https:\\\/\\\/drhikmetihsaneren.com\\\/boyun-germe-sonrasinda-kirisikliklarim-devam-eder-mi\\\/\",\"name\":\"Boyun germe sonras\u0131nda k\u0131r\u0131\u015f\u0131kl\u0131klar\u0131m devam eder mi? - Op. Hikmet \u0130hsan Eren\",\"isPartOf\":{\"@id\":\"https:\\\/\\\/drhikmetihsaneren.com\\\/#website\"},\"primaryImageOfPage\":{\"@id\":\"https:\\\/\\\/drhikmetihsaneren.com\\\/boyun-germe-sonrasinda-kirisikliklarim-devam-eder-mi\\\/#primaryimage\"},\"image\":{\"@id\":\"https:\\\/\\\/drhikmetihsaneren.com\\\/boyun-germe-sonrasinda-kirisikliklarim-devam-eder-mi\\\/#primaryimage\"},\"thumbnailUrl\":\"https:\\\/\\\/drhikmetihsaneren.com\\\/wp-content\\\/uploads\\\/2025\\\/03\\\/image-4.png\",\"datePublished\":\"2025-02-05T19:39:04+00:00\",\"dateModified\":\"2025-03-20T08:12:02+00:00\",\"author\":{\"@id\":\"https:\\\/\\\/drhikmetihsaneren.com\\\/#\\\/schema\\\/person\\\/ead3a6bcc737ac7017cb2de6e23f5ea4\"},\"description\":\"Boyun germe sonras\u0131nda k\u0131r\u0131\u015f\u0131kl\u0131klar\u0131m devam eder mi? \u015eimdi yaz\u0131m\u0131z\u0131 okuyarak ke\u015ffedin!\",\"breadcrumb\":{\"@id\":\"https:\\\/\\\/drhikmetihsaneren.com\\\/boyun-germe-sonrasinda-kirisikliklarim-devam-eder-mi\\\/#breadcrumb\"},\"inLanguage\":\"fr-FR\",\"potentialAction\":[{\"@type\":\"ReadAction\",\"target\":[\"https:\\\/\\\/drhikmetihsaneren.com\\\/boyun-germe-sonrasinda-kirisikliklarim-devam-eder-mi\\\/\"]}]},{\"@type\":\"ImageObject\",\"inLanguage\":\"fr-FR\",\"@id\":\"https:\\\/\\\/drhikmetihsaneren.com\\\/boyun-germe-sonrasinda-kirisikliklarim-devam-eder-mi\\\/#primaryimage\",\"url\":\"https:\\\/\\\/drhikmetihsaneren.com\\\/wp-content\\\/uploads\\\/2025\\\/03\\\/image-4.png\",\"contentUrl\":\"https:\\\/\\\/drhikmetihsaneren.com\\\/wp-content\\\/uploads\\\/2025\\\/03\\\/image-4.png\",\"width\":1408,\"height\":768,\"caption\":\"Boyun germe sonras\u0131nda k\u0131r\u0131\u015f\u0131kl\u0131klar\u0131m devam eder mi?\"},{\"@type\":\"BreadcrumbList\",\"@id\":\"https:\\\/\\\/drhikmetihsaneren.com\\\/boyun-germe-sonrasinda-kirisikliklarim-devam-eder-mi\\\/#breadcrumb\",\"itemListElement\":[{\"@type\":\"ListItem\",\"position\":1,\"name\":\"Anasayfa\",\"item\":\"https:\\\/\\\/drhikmetihsaneren.com\\\/\"},{\"@type\":\"ListItem\",\"position\":2,\"name\":\"Boyun germe sonras\u0131nda k\u0131r\u0131\u015f\u0131kl\u0131klar\u0131m devam eder mi?\"}]},{\"@type\":\"WebSite\",\"@id\":\"https:\\\/\\\/drhikmetihsaneren.com\\\/#website\",\"url\":\"https:\\\/\\\/drhikmetihsaneren.com\\\/\",\"name\":\"Op. Hikmet \u0130hsan Eren\",\"description\":\"Estetik Cerrahi\",\"potentialAction\":[{\"@type\":\"SearchAction\",\"target\":{\"@type\":\"EntryPoint\",\"urlTemplate\":\"https:\\\/\\\/drhikmetihsaneren.com\\\/?s={search_term_string}\"},\"query-input\":{\"@type\":\"PropertyValueSpecification\",\"valueRequired\":true,\"valueName\":\"search_term_string\"}}],\"inLanguage\":\"fr-FR\"},{\"@type\":\"Person\",\"@id\":\"https:\\\/\\\/drhikmetihsaneren.com\\\/#\\\/schema\\\/person\\\/ead3a6bcc737ac7017cb2de6e23f5ea4\",\"name\":\"admin\",\"image\":{\"@type\":\"ImageObject\",\"inLanguage\":\"fr-FR\",\"@id\":\"https:\\\/\\\/drhikmetihsaneren.com\\\/wp-content\\\/litespeed\\\/avatar\\\/e103683e0c7e21e1fe27206d385cb424.jpg?ver=1776871647\",\"url\":\"https:\\\/\\\/drhikmetihsaneren.com\\\/wp-content\\\/litespeed\\\/avatar\\\/e103683e0c7e21e1fe27206d385cb424.jpg?ver=1776871647\",\"contentUrl\":\"https:\\\/\\\/drhikmetihsaneren.com\\\/wp-content\\\/litespeed\\\/avatar\\\/e103683e0c7e21e1fe27206d385cb424.jpg?ver=1776871647\",\"caption\":\"admin\"},\"sameAs\":[\"https:\\\/\\\/drhikmetihsaneren.com\"],\"url\":\"https:\\\/\\\/drhikmetihsaneren.com\\\/fr\\\/author\\\/admin\\\/\"}]}<\/script>\n<!-- \/ Yoast SEO plugin. -->","yoast_head_json":{"title":"Mes rides persisteront-elles apr\u00e8s un lifting du cou ? - Op. Hikmet Ihsan Eren","description":"Mes rides persisteront-elles apr\u00e8s un lifting du cou ? D\u00e9couvrez-le maintenant en lisant notre article !","robots":{"index":"index","follow":"follow","max-snippet":"max-snippet:-1","max-image-preview":"max-image-preview:large","max-video-preview":"max-video-preview:-1"},"canonical":"https:\/\/drhikmetihsaneren.com\/fr\/mes-rides-continueront-elles-a-apparaitre-apres-un-lifting-du-cou\/","og_locale":"fr_FR","og_type":"article","og_title":"Boyun germe sonras\u0131nda k\u0131r\u0131\u015f\u0131kl\u0131klar\u0131m devam eder mi? - Op. Hikmet \u0130hsan Eren","og_description":"Boyun germe sonras\u0131nda k\u0131r\u0131\u015f\u0131kl\u0131klar\u0131m devam eder mi? \u015eimdi yaz\u0131m\u0131z\u0131 okuyarak ke\u015ffedin!","og_url":"https:\/\/drhikmetihsaneren.com\/fr\/mes-rides-continueront-elles-a-apparaitre-apres-un-lifting-du-cou\/","og_site_name":"Op. Hikmet \u0130hsan Eren","article_published_time":"2025-02-05T19:39:04+00:00","article_modified_time":"2025-03-20T08:12:02+00:00","og_image":[{"width":1024,"height":559,"url":"https:\/\/drhikmetihsaneren.com\/wp-content\/uploads\/2025\/03\/image-4-1024x559.png","type":"image\/png"}],"author":"admin","twitter_card":"summary_large_image","twitter_misc":{"\u00c9crit par":"admin","Dur\u00e9e de lecture estim\u00e9e":"6 minutes"},"schema":{"@context":"https:\/\/schema.org","@graph":[{"@type":"Article","@id":"https:\/\/drhikmetihsaneren.com\/boyun-germe-sonrasinda-kirisikliklarim-devam-eder-mi\/#article","isPartOf":{"@id":"https:\/\/drhikmetihsaneren.com\/boyun-germe-sonrasinda-kirisikliklarim-devam-eder-mi\/"},"author":{"name":"admin","@id":"https:\/\/drhikmetihsaneren.com\/#\/schema\/person\/ead3a6bcc737ac7017cb2de6e23f5ea4"},"headline":"Boyun germe sonras\u0131nda k\u0131r\u0131\u015f\u0131kl\u0131klar\u0131m devam eder mi?","datePublished":"2025-02-05T19:39:04+00:00","dateModified":"2025-03-20T08:12:02+00:00","mainEntityOfPage":{"@id":"https:\/\/drhikmetihsaneren.com\/boyun-germe-sonrasinda-kirisikliklarim-devam-eder-mi\/"},"wordCount":1329,"commentCount":0,"image":{"@id":"https:\/\/drhikmetihsaneren.com\/boyun-germe-sonrasinda-kirisikliklarim-devam-eder-mi\/#primaryimage"},"thumbnailUrl":"https:\/\/drhikmetihsaneren.com\/wp-content\/uploads\/2025\/03\/image-4.png","articleSection":["Boyun Germe"],"inLanguage":"fr-FR","potentialAction":[{"@type":"CommentAction","name":"Comment","target":["https:\/\/drhikmetihsaneren.com\/boyun-germe-sonrasinda-kirisikliklarim-devam-eder-mi\/#respond"]}]},{"@type":"WebPage","@id":"https:\/\/drhikmetihsaneren.com\/boyun-germe-sonrasinda-kirisikliklarim-devam-eder-mi\/","url":"https:\/\/drhikmetihsaneren.com\/boyun-germe-sonrasinda-kirisikliklarim-devam-eder-mi\/","name":"Mes rides persisteront-elles apr\u00e8s un lifting du cou ? - Op. Hikmet Ihsan Eren","isPartOf":{"@id":"https:\/\/drhikmetihsaneren.com\/#website"},"primaryImageOfPage":{"@id":"https:\/\/drhikmetihsaneren.com\/boyun-germe-sonrasinda-kirisikliklarim-devam-eder-mi\/#primaryimage"},"image":{"@id":"https:\/\/drhikmetihsaneren.com\/boyun-germe-sonrasinda-kirisikliklarim-devam-eder-mi\/#primaryimage"},"thumbnailUrl":"https:\/\/drhikmetihsaneren.com\/wp-content\/uploads\/2025\/03\/image-4.png","datePublished":"2025-02-05T19:39:04+00:00","dateModified":"2025-03-20T08:12:02+00:00","author":{"@id":"https:\/\/drhikmetihsaneren.com\/#\/schema\/person\/ead3a6bcc737ac7017cb2de6e23f5ea4"},"description":"Mes rides persisteront-elles apr\u00e8s un lifting du cou ? D\u00e9couvrez-le maintenant en lisant notre article !","breadcrumb":{"@id":"https:\/\/drhikmetihsaneren.com\/boyun-germe-sonrasinda-kirisikliklarim-devam-eder-mi\/#breadcrumb"},"inLanguage":"fr-FR","potentialAction":[{"@type":"ReadAction","target":["https:\/\/drhikmetihsaneren.com\/boyun-germe-sonrasinda-kirisikliklarim-devam-eder-mi\/"]}]},{"@type":"ImageObject","inLanguage":"fr-FR","@id":"https:\/\/drhikmetihsaneren.com\/boyun-germe-sonrasinda-kirisikliklarim-devam-eder-mi\/#primaryimage","url":"https:\/\/drhikmetihsaneren.com\/wp-content\/uploads\/2025\/03\/image-4.png","contentUrl":"https:\/\/drhikmetihsaneren.com\/wp-content\/uploads\/2025\/03\/image-4.png","width":1408,"height":768,"caption":"Boyun germe sonras\u0131nda k\u0131r\u0131\u015f\u0131kl\u0131klar\u0131m devam eder mi?"},{"@type":"BreadcrumbList","@id":"https:\/\/drhikmetihsaneren.com\/boyun-germe-sonrasinda-kirisikliklarim-devam-eder-mi\/#breadcrumb","itemListElement":[{"@type":"ListItem","position":1,"name":"Anasayfa","item":"https:\/\/drhikmetihsaneren.com\/"},{"@type":"ListItem","position":2,"name":"Boyun germe sonras\u0131nda k\u0131r\u0131\u015f\u0131kl\u0131klar\u0131m devam eder mi?"}]},{"@type":"WebSite","@id":"https:\/\/drhikmetihsaneren.com\/#website","url":"https:\/\/drhikmetihsaneren.com\/","name":"Baiser. Hikmet Ihsan Eren","description":"Chirurgie plastique","potentialAction":[{"@type":"SearchAction","target":{"@type":"EntryPoint","urlTemplate":"https:\/\/drhikmetihsaneren.com\/?s={search_term_string}"},"query-input":{"@type":"PropertyValueSpecification","valueRequired":true,"valueName":"search_term_string"}}],"inLanguage":"fr-FR"},{"@type":"Person","@id":"https:\/\/drhikmetihsaneren.com\/#\/schema\/person\/ead3a6bcc737ac7017cb2de6e23f5ea4","name":"administrateur","image":{"@type":"ImageObject","inLanguage":"fr-FR","@id":"https:\/\/drhikmetihsaneren.com\/wp-content\/litespeed\/avatar\/e103683e0c7e21e1fe27206d385cb424.jpg?ver=1776871647","url":"https:\/\/drhikmetihsaneren.com\/wp-content\/litespeed\/avatar\/e103683e0c7e21e1fe27206d385cb424.jpg?ver=1776871647","contentUrl":"https:\/\/drhikmetihsaneren.com\/wp-content\/litespeed\/avatar\/e103683e0c7e21e1fe27206d385cb424.jpg?ver=1776871647","caption":"admin"},"sameAs":["https:\/\/drhikmetihsaneren.com"],"url":"https:\/\/drhikmetihsaneren.com\/fr\/author\/admin\/"}]}},"_links":{"self":[{"href":"https:\/\/drhikmetihsaneren.com\/fr\/wp-json\/wp\/v2\/posts\/335","targetHints":{"allow":["GET"]}}],"collection":[{"href":"https:\/\/drhikmetihsaneren.com\/fr\/wp-json\/wp\/v2\/posts"}],"about":[{"href":"https:\/\/drhikmetihsaneren.com\/fr\/wp-json\/wp\/v2\/types\/post"}],"author":[{"embeddable":true,"href":"https:\/\/drhikmetihsaneren.com\/fr\/wp-json\/wp\/v2\/users\/1"}],"replies":[{"embeddable":true,"href":"https:\/\/drhikmetihsaneren.com\/fr\/wp-json\/wp\/v2\/comments?post=335"}],"version-history":[{"count":1,"href":"https:\/\/drhikmetihsaneren.com\/fr\/wp-json\/wp\/v2\/posts\/335\/revisions"}],"predecessor-version":[{"id":14814,"href":"https:\/\/drhikmetihsaneren.com\/fr\/wp-json\/wp\/v2\/posts\/335\/revisions\/14814"}],"wp:featuredmedia":[{"embeddable":true,"href":"https:\/\/drhikmetihsaneren.com\/fr\/wp-json\/wp\/v2\/media\/14812"}],"wp:attachment":[{"href":"https:\/\/drhikmetihsaneren.com\/fr\/wp-json\/wp\/v2\/media?parent=335"}],"wp:term":[{"taxonomy":"category","embeddable":true,"href":"https:\/\/drhikmetihsaneren.com\/fr\/wp-json\/wp\/v2\/categories?post=335"},{"taxonomy":"post_tag","embeddable":true,"href":"https:\/\/drhikmetihsaneren.com\/fr\/wp-json\/wp\/v2\/tags?post=335"}],"curies":[{"name":"wp","href":"https:\/\/api.w.org\/{rel}","templated":true}]}}