{"id":6306,"date":"2023-08-23T20:04:25","date_gmt":"2023-08-23T17:04:25","guid":{"rendered":"https:\/\/drhikmetihsaneren.com\/?p=6306"},"modified":"2024-01-31T17:09:21","modified_gmt":"2024-01-31T14:09:21","slug":"chirurgie-de-loreille-proeminente","status":"publish","type":"post","link":"https:\/\/drhikmetihsaneren.com\/fr\/chirurgie-de-loreille-proeminente\/","title":{"rendered":"Chirurgie de l\u2019oreille pro\u00e9minente"},"content":{"rendered":"<p><strong>oreille pro\u00e9minente<\/strong>Il s\u2019agit d\u2019une condition caract\u00e9ris\u00e9e par l\u2019\u00e9loignement des oreilles de la t\u00eate. Cela se produit g\u00e9n\u00e9ralement en raison de facteurs g\u00e9n\u00e9tiques ou d\u2019un probl\u00e8me survenant lors du d\u00e9veloppement normal des oreilles. Les oreilles d\u00e9coll\u00e9es peuvent affecter la confiance en soi d&#039;une personne et la ridiculiser, surtout pendant l&#039;enfance. Heureusement, gr\u00e2ce aux progr\u00e8s de la m\u00e9decine moderne, une solution efficace est propos\u00e9e pour corriger le probl\u00e8me de l\u2019oreille pro\u00e9minente : <strong>chirurgie de l&#039;oreille pro\u00e9minente<\/strong>, nom m\u00e9dical <strong>otoplastie<\/strong>.<\/p>\n\n\n\n<h2 class=\"wp-block-heading\">Qu\u2019est-ce que la chirurgie de l\u2019oreille pro\u00e9minente (otoplastie)\u00a0?<\/h2>\n\n\n\n<p><strong>Chirurgie de l&#039;oreille pro\u00e9minente<\/strong> ou <strong>otoplastie<\/strong>Il s\u2019agit d\u2019une intervention chirurgicale r\u00e9alis\u00e9e pour corriger la forme des oreilles et leur donner un aspect plus naturel. Gr\u00e2ce \u00e0 cette chirurgie, les oreilles sont rapproch\u00e9es de la t\u00eate et les cartilages auriculaires sont fa\u00e7onn\u00e9s lorsque cela est n\u00e9cessaire. Le but de la chirurgie est de corriger les oreilles de mani\u00e8re plus sym\u00e9trique et esth\u00e9tique.<\/p>\n\n\n\n<p>Le processus chirurgical est g\u00e9n\u00e9ralement r\u00e9alis\u00e9 sous anesth\u00e9sie locale. Le chirurgien fa\u00e7onne les cartilages de l\u2019oreille et enl\u00e8ve l\u2019exc\u00e9dent de peau si n\u00e9cessaire. En cons\u00e9quence, les oreilles paraissent plus naturelles et s\u2019adaptent \u00e0 la forme de la t\u00eate.<\/p>\n\n\n\n<h2 class=\"wp-block-heading\">L\u2019importance de la chirurgie de l\u2019oreille pro\u00e9minente<\/h2>\n\n\n\n<p><strong>Chirurgie de l&#039;oreille pro\u00e9minente<\/strong>Il vise \u00e0 obtenir une apparence plus naturelle en corrigeant la forme et la position des oreilles. Ce <strong><a href=\"https:\/\/drhikmetihsaneren.com\/fr\/\">chirurgie plastique<\/a><\/strong> La proc\u00e9dure peut accro\u00eetre la confiance en soi des individus et avoir un impact positif sur leur vie sociale. Surtout chez les enfants, cette chirurgie peut \u00e9viter d&#039;\u00e9ventuels ridicules et un manque de confiance en soi, garantissant ainsi une croissance et un d\u00e9veloppement psychologique plus sains.<\/p>\n\n\n\n<h2 class=\"wp-block-heading\">Qui sont les candidats ?<\/h2>\n\n\n\n<p><strong>Chirurgie de l&#039;oreille pro\u00e9minente<\/strong>, peut g\u00e9n\u00e9ralement \u00eatre privil\u00e9gi\u00e9 d\u00e8s la fin de l\u2019enfance. L\u2019ach\u00e8vement du processus de croissance des oreilles indique un moment appropri\u00e9 pour la chirurgie. Cependant, la chirurgie peut \u00eatre pratiqu\u00e9e \u00e0 tout \u00e2ge.<\/p>\n\n\n\n<h2 class=\"wp-block-heading\">\u00c9tapes de la chirurgie de l\u2019oreille pro\u00e9minente<\/h2>\n\n\n\n<p>La chirurgie de l\u2019oreille d\u00e9coll\u00e9e est une intervention g\u00e9n\u00e9ralement r\u00e9alis\u00e9e sous anesth\u00e9sie locale. Les \u00e9tapes de base comprennent\u00a0:<\/p>\n\n\n\n<h3 class=\"wp-block-heading\">1. Consultation et \u00e9valuation<\/h3>\n\n\n\n<p>La premi\u00e8re \u00e9tape est une consultation avec un chirurgien plasticien. Le sp\u00e9cialiste \u00e9value l&#039;\u00e9tat actuel du patient, examine la structure des oreilles et cr\u00e9e un plan sur la mani\u00e8re de r\u00e9aliser l&#039;intervention chirurgicale.<\/p>\n\n\n\n<h3 class=\"wp-block-heading\">2. Anesth\u00e9sie<\/h3>\n\n\n\n<p>L&#039;intervention chirurgicale est g\u00e9n\u00e9ralement r\u00e9alis\u00e9e sous anesth\u00e9sie locale, ce qui garantit que le patient est r\u00e9veill\u00e9 mais que la zone chirurgicale est engourdie. Cela comporte moins de risques par rapport \u00e0 l\u2019anesth\u00e9sie g\u00e9n\u00e9rale.<\/p>\n\n\n\n<h3 class=\"wp-block-heading\">3. Faire des incisions<\/h3>\n\n\n\n<p>Le chirurgien sp\u00e9cialis\u00e9 pratique des incisions cach\u00e9es derri\u00e8re l\u2019oreille ou dans le pli de l\u2019oreille. Ces incisions donnent acc\u00e8s aux tissus n\u00e9cessaires pour cr\u00e9er la nouvelle position des oreilles.<\/p>\n\n\n\n<h3 class=\"wp-block-heading\">4. Mise en forme du cartilage<\/h3>\n\n\n\n<p>Les cartilages de l&#039;oreille sont remodel\u00e9s pour obtenir la forme souhait\u00e9e \u00e0 l&#039;aide de techniques chirurgicales sp\u00e9ciales. Cette \u00e9tape donne aux oreilles un aspect plus naturel et plus lisse.<\/p>\n\n\n\n<h3 class=\"wp-block-heading\">5. Placement des points<\/h3>\n\n\n\n<p>Une fois le cartilage remodel\u00e9, des points de suture sont plac\u00e9s sur la peau. Ces points sont utilis\u00e9s pour maintenir la nouvelle position des oreilles et soutenir le processus de gu\u00e9rison.<\/p>\n\n\n\n<h2 class=\"wp-block-heading\">R\u00e9sultats et processus de gu\u00e9rison de la chirurgie de l&#039;oreille pro\u00e9minente<\/h2>\n\n\n\n<p>Les r\u00e9sultats d\u2019une chirurgie de l\u2019oreille pro\u00e9minente sont g\u00e9n\u00e9ralement visibles imm\u00e9diatement et les patients obtiennent une apparence plus \u00e9quilibr\u00e9e et plus esth\u00e9tique apr\u00e8s la chirurgie. Cependant, le processus de gu\u00e9rison est \u00e9galement important.<\/p>\n\n\n\n<p>Une l\u00e9g\u00e8re douleur, un gonflement et des ecchymoses peuvent survenir au cours des premiers jours suivant la chirurgie. Ces effets diminuent avec le temps. Il est g\u00e9n\u00e9ralement possible pour les patients de reprendre leurs activit\u00e9s quotidiennes normales en quelques jours. Il est toutefois recommand\u00e9 d\u2019\u00e9viter pendant un certain temps les activit\u00e9s plus intenses comme le sport.<\/p>\n\n\n\n<p>Le processus de r\u00e9tablissement complet peut varier d\u2019une personne \u00e0 l\u2019autre, mais la plupart des patients se r\u00e9tablissent compl\u00e8tement en quelques semaines. Suivre les instructions donn\u00e9es par le m\u00e9decin sp\u00e9cialiste peut contribuer \u00e0 acc\u00e9l\u00e9rer le processus de gu\u00e9rison.<\/p>\n\n\n\n<h2 class=\"wp-block-heading\">ESTH\u00c9TIQUE DE L&#039;OREILLE PROMINENTE NON CHIRURGICALE<\/h2>\n\n\n\n<p>Les progr\u00e8s technologiques et l\u2019\u00e9mergence d\u2019applications innovantes dans le domaine m\u00e9dical offrent de nouvelles alternatives aux personnes souffrant de probl\u00e8mes d\u2019oreille importants. L\u2019esth\u00e9tique des oreilles saillantes, qui ne n\u00e9cessite aucune incision, gagne en popularit\u00e9 aupr\u00e8s des personnes pr\u00e9sentant une l\u00e9g\u00e8re d\u00e9formation de l\u2019oreille. Cette m\u00e9thode, r\u00e9alis\u00e9e par points invisibles, consiste \u00e0 corriger le cartilage derri\u00e8re l&#039;oreille et donne les r\u00e9sultats les plus efficaces, surtout lorsqu&#039;elle est appliqu\u00e9e pendant l&#039;enfance.<\/p>\n\n\n\n<div class=\"wp-block-buttons is-layout-flex wp-block-buttons-is-layout-flex\">\n<div class=\"wp-block-button is-style-outline is-style-outline--1\"><a class=\"wp-block-button__link wp-element-button\" href=\"https:\/\/drhikmetihsaneren.com\/fr\/communication\/\">Prendre rendez-vous<\/a><\/div>\n<\/div>","protected":false},"excerpt":{"rendered":"<p>Kep\u00e7e kulak, kulaklar\u0131n kafadan daha fazla uzakla\u015fmas\u0131yla karakterize edilen bir durumdur. Genellikle genetik fakt\u00f6rler veya kulaklar\u0131n normal geli\u015fimi s\u0131ras\u0131nda olu\u015fan bir sorun nedeniyle ortaya \u00e7\u0131kar. Kep\u00e7e kulak, ki\u015finin kendine g\u00fcvenini etkileyebilir ve \u00f6zellikle \u00e7ocukluk d\u00f6neminde alay konusu olmalar\u0131na neden olabilir. Neyse ki, modern t\u0131p alan\u0131ndaki geli\u015fmeler sayesinde, kep\u00e7e kulak sorununu d\u00fczeltmek i\u00e7in etkili bir \u00e7\u00f6z\u00fcm [&hellip;]<\/p>\n","protected":false},"author":1,"featured_media":6307,"comment_status":"closed","ping_status":"open","sticky":false,"template":"","format":"standard","meta":{"content-type":"","inline_featured_image":false,"footnotes":""},"categories":[1],"tags":[],"class_list":["post-6306","post","type-post","status-publish","format-standard","has-post-thumbnail","hentry","category-blog"],"yoast_head":"<!-- This site is optimized with the Yoast SEO plugin v27.5 - https:\/\/yoast.com\/product\/yoast-seo-wordpress\/ -->\n<title>Kep\u00e7e Kulak Ameliyat\u0131 - Op. Hikmet \u0130hsan Eren<\/title>\n<meta name=\"description\" content=\"\u0130stanbul klini\u011fimiz, Kep\u00e7e Kulak Ameliyat\u0131 veya Otoplasti i\u00e7in bilgi ve randevu talebi almak i\u00e7in sitemizi ziyaret edebilirsiniz.\" \/>\n<meta name=\"robots\" content=\"index, follow, max-snippet:-1, max-image-preview:large, max-video-preview:-1\" \/>\n<link rel=\"canonical\" href=\"https:\/\/drhikmetihsaneren.com\/fr\/chirurgie-de-loreille-proeminente\/\" \/>\n<meta property=\"og:locale\" content=\"fr_FR\" \/>\n<meta property=\"og:type\" content=\"article\" \/>\n<meta property=\"og:title\" content=\"Kep\u00e7e Kulak Ameliyat\u0131 - Op. Hikmet \u0130hsan Eren\" \/>\n<meta property=\"og:description\" content=\"\u0130stanbul klini\u011fimiz, Kep\u00e7e Kulak Ameliyat\u0131 veya Otoplasti i\u00e7in bilgi ve randevu talebi almak i\u00e7in sitemizi ziyaret edebilirsiniz.\" \/>\n<meta property=\"og:url\" content=\"https:\/\/drhikmetihsaneren.com\/fr\/chirurgie-de-loreille-proeminente\/\" \/>\n<meta property=\"og:site_name\" content=\"Op. Hikmet \u0130hsan Eren\" \/>\n<meta property=\"article:published_time\" content=\"2023-08-23T17:04:25+00:00\" \/>\n<meta property=\"article:modified_time\" content=\"2024-01-31T14:09:21+00:00\" \/>\n<meta property=\"og:image\" content=\"https:\/\/drhikmetihsaneren.com\/wp-content\/uploads\/2023\/08\/kulak-estetigi-kepce-kulak-ameliyati-istanbul.jpg\" \/>\n\t<meta property=\"og:image:width\" content=\"1029\" \/>\n\t<meta property=\"og:image:height\" content=\"708\" \/>\n\t<meta property=\"og:image:type\" content=\"image\/jpeg\" \/>\n<meta name=\"author\" content=\"admin\" \/>\n<meta name=\"twitter:card\" content=\"summary_large_image\" \/>\n<meta name=\"twitter:label1\" content=\"\u00c9crit par\" \/>\n\t<meta name=\"twitter:data1\" content=\"admin\" \/>\n\t<meta name=\"twitter:label2\" content=\"Dur\u00e9e de lecture estim\u00e9e\" \/>\n\t<meta name=\"twitter:data2\" content=\"4 minutes\" \/>\n<script type=\"application\/ld+json\" class=\"yoast-schema-graph\">{\"@context\":\"https:\\\/\\\/schema.org\",\"@graph\":[{\"@type\":\"Article\",\"@id\":\"https:\\\/\\\/drhikmetihsaneren.com\\\/kepce-kulak-ameliyati\\\/#article\",\"isPartOf\":{\"@id\":\"https:\\\/\\\/drhikmetihsaneren.com\\\/kepce-kulak-ameliyati\\\/\"},\"author\":{\"name\":\"admin\",\"@id\":\"https:\\\/\\\/drhikmetihsaneren.com\\\/#\\\/schema\\\/person\\\/ead3a6bcc737ac7017cb2de6e23f5ea4\"},\"headline\":\"Kep\u00e7e Kulak Ameliyat\u0131\",\"datePublished\":\"2023-08-23T17:04:25+00:00\",\"dateModified\":\"2024-01-31T14:09:21+00:00\",\"mainEntityOfPage\":{\"@id\":\"https:\\\/\\\/drhikmetihsaneren.com\\\/kepce-kulak-ameliyati\\\/\"},\"wordCount\":787,\"image\":{\"@id\":\"https:\\\/\\\/drhikmetihsaneren.com\\\/kepce-kulak-ameliyati\\\/#primaryimage\"},\"thumbnailUrl\":\"https:\\\/\\\/drhikmetihsaneren.com\\\/wp-content\\\/uploads\\\/2023\\\/08\\\/kulak-estetigi-kepce-kulak-ameliyati-istanbul.jpg\",\"articleSection\":[\"Blog\"],\"inLanguage\":\"fr-FR\"},{\"@type\":\"WebPage\",\"@id\":\"https:\\\/\\\/drhikmetihsaneren.com\\\/kepce-kulak-ameliyati\\\/\",\"url\":\"https:\\\/\\\/drhikmetihsaneren.com\\\/kepce-kulak-ameliyati\\\/\",\"name\":\"Kep\u00e7e Kulak Ameliyat\u0131 - Op. Hikmet \u0130hsan Eren\",\"isPartOf\":{\"@id\":\"https:\\\/\\\/drhikmetihsaneren.com\\\/#website\"},\"primaryImageOfPage\":{\"@id\":\"https:\\\/\\\/drhikmetihsaneren.com\\\/kepce-kulak-ameliyati\\\/#primaryimage\"},\"image\":{\"@id\":\"https:\\\/\\\/drhikmetihsaneren.com\\\/kepce-kulak-ameliyati\\\/#primaryimage\"},\"thumbnailUrl\":\"https:\\\/\\\/drhikmetihsaneren.com\\\/wp-content\\\/uploads\\\/2023\\\/08\\\/kulak-estetigi-kepce-kulak-ameliyati-istanbul.jpg\",\"datePublished\":\"2023-08-23T17:04:25+00:00\",\"dateModified\":\"2024-01-31T14:09:21+00:00\",\"author\":{\"@id\":\"https:\\\/\\\/drhikmetihsaneren.com\\\/#\\\/schema\\\/person\\\/ead3a6bcc737ac7017cb2de6e23f5ea4\"},\"description\":\"\u0130stanbul klini\u011fimiz, Kep\u00e7e Kulak Ameliyat\u0131 veya Otoplasti i\u00e7in bilgi ve randevu talebi almak i\u00e7in sitemizi ziyaret edebilirsiniz.\",\"breadcrumb\":{\"@id\":\"https:\\\/\\\/drhikmetihsaneren.com\\\/kepce-kulak-ameliyati\\\/#breadcrumb\"},\"inLanguage\":\"fr-FR\",\"potentialAction\":[{\"@type\":\"ReadAction\",\"target\":[\"https:\\\/\\\/drhikmetihsaneren.com\\\/kepce-kulak-ameliyati\\\/\"]}]},{\"@type\":\"ImageObject\",\"inLanguage\":\"fr-FR\",\"@id\":\"https:\\\/\\\/drhikmetihsaneren.com\\\/kepce-kulak-ameliyati\\\/#primaryimage\",\"url\":\"https:\\\/\\\/drhikmetihsaneren.com\\\/wp-content\\\/uploads\\\/2023\\\/08\\\/kulak-estetigi-kepce-kulak-ameliyati-istanbul.jpg\",\"contentUrl\":\"https:\\\/\\\/drhikmetihsaneren.com\\\/wp-content\\\/uploads\\\/2023\\\/08\\\/kulak-estetigi-kepce-kulak-ameliyati-istanbul.jpg\",\"width\":1029,\"height\":708,\"caption\":\"Kulak Estetigi Kepce Kulak Ameliyati istanbul\"},{\"@type\":\"BreadcrumbList\",\"@id\":\"https:\\\/\\\/drhikmetihsaneren.com\\\/kepce-kulak-ameliyati\\\/#breadcrumb\",\"itemListElement\":[{\"@type\":\"ListItem\",\"position\":1,\"name\":\"Anasayfa\",\"item\":\"https:\\\/\\\/drhikmetihsaneren.com\\\/\"},{\"@type\":\"ListItem\",\"position\":2,\"name\":\"Kep\u00e7e Kulak Ameliyat\u0131\"}]},{\"@type\":\"WebSite\",\"@id\":\"https:\\\/\\\/drhikmetihsaneren.com\\\/#website\",\"url\":\"https:\\\/\\\/drhikmetihsaneren.com\\\/\",\"name\":\"Op. Hikmet \u0130hsan Eren\",\"description\":\"Estetik Cerrahi\",\"potentialAction\":[{\"@type\":\"SearchAction\",\"target\":{\"@type\":\"EntryPoint\",\"urlTemplate\":\"https:\\\/\\\/drhikmetihsaneren.com\\\/?s={search_term_string}\"},\"query-input\":{\"@type\":\"PropertyValueSpecification\",\"valueRequired\":true,\"valueName\":\"search_term_string\"}}],\"inLanguage\":\"fr-FR\"},{\"@type\":\"Person\",\"@id\":\"https:\\\/\\\/drhikmetihsaneren.com\\\/#\\\/schema\\\/person\\\/ead3a6bcc737ac7017cb2de6e23f5ea4\",\"name\":\"admin\",\"image\":{\"@type\":\"ImageObject\",\"inLanguage\":\"fr-FR\",\"@id\":\"https:\\\/\\\/drhikmetihsaneren.com\\\/wp-content\\\/litespeed\\\/avatar\\\/e103683e0c7e21e1fe27206d385cb424.jpg?ver=1776871647\",\"url\":\"https:\\\/\\\/drhikmetihsaneren.com\\\/wp-content\\\/litespeed\\\/avatar\\\/e103683e0c7e21e1fe27206d385cb424.jpg?ver=1776871647\",\"contentUrl\":\"https:\\\/\\\/drhikmetihsaneren.com\\\/wp-content\\\/litespeed\\\/avatar\\\/e103683e0c7e21e1fe27206d385cb424.jpg?ver=1776871647\",\"caption\":\"admin\"},\"sameAs\":[\"https:\\\/\\\/drhikmetihsaneren.com\"],\"url\":\"https:\\\/\\\/drhikmetihsaneren.com\\\/fr\\\/author\\\/admin\\\/\"}]}<\/script>\n<!-- \/ Yoast SEO plugin. -->","yoast_head_json":{"title":"Chirurgie de l&#039;oreille pro\u00e9minente - Op. Hikmet Ihsan Eren","description":"Vous pouvez visiter notre site Web pour obtenir des informations et des demandes de rendez-vous pour notre clinique d&#039;Istanbul, la chirurgie de l&#039;oreille pro\u00e9minente ou l&#039;otoplastie.","robots":{"index":"index","follow":"follow","max-snippet":"max-snippet:-1","max-image-preview":"max-image-preview:large","max-video-preview":"max-video-preview:-1"},"canonical":"https:\/\/drhikmetihsaneren.com\/fr\/chirurgie-de-loreille-proeminente\/","og_locale":"fr_FR","og_type":"article","og_title":"Kep\u00e7e Kulak Ameliyat\u0131 - Op. Hikmet \u0130hsan Eren","og_description":"\u0130stanbul klini\u011fimiz, Kep\u00e7e Kulak Ameliyat\u0131 veya Otoplasti i\u00e7in bilgi ve randevu talebi almak i\u00e7in sitemizi ziyaret edebilirsiniz.","og_url":"https:\/\/drhikmetihsaneren.com\/fr\/chirurgie-de-loreille-proeminente\/","og_site_name":"Op. Hikmet \u0130hsan Eren","article_published_time":"2023-08-23T17:04:25+00:00","article_modified_time":"2024-01-31T14:09:21+00:00","og_image":[{"width":1029,"height":708,"url":"https:\/\/drhikmetihsaneren.com\/wp-content\/uploads\/2023\/08\/kulak-estetigi-kepce-kulak-ameliyati-istanbul.jpg","type":"image\/jpeg"}],"author":"admin","twitter_card":"summary_large_image","twitter_misc":{"\u00c9crit par":"admin","Dur\u00e9e de lecture estim\u00e9e":"4 minutes"},"schema":{"@context":"https:\/\/schema.org","@graph":[{"@type":"Article","@id":"https:\/\/drhikmetihsaneren.com\/kepce-kulak-ameliyati\/#article","isPartOf":{"@id":"https:\/\/drhikmetihsaneren.com\/kepce-kulak-ameliyati\/"},"author":{"name":"admin","@id":"https:\/\/drhikmetihsaneren.com\/#\/schema\/person\/ead3a6bcc737ac7017cb2de6e23f5ea4"},"headline":"Kep\u00e7e Kulak Ameliyat\u0131","datePublished":"2023-08-23T17:04:25+00:00","dateModified":"2024-01-31T14:09:21+00:00","mainEntityOfPage":{"@id":"https:\/\/drhikmetihsaneren.com\/kepce-kulak-ameliyati\/"},"wordCount":787,"image":{"@id":"https:\/\/drhikmetihsaneren.com\/kepce-kulak-ameliyati\/#primaryimage"},"thumbnailUrl":"https:\/\/drhikmetihsaneren.com\/wp-content\/uploads\/2023\/08\/kulak-estetigi-kepce-kulak-ameliyati-istanbul.jpg","articleSection":["Blog"],"inLanguage":"fr-FR"},{"@type":"WebPage","@id":"https:\/\/drhikmetihsaneren.com\/kepce-kulak-ameliyati\/","url":"https:\/\/drhikmetihsaneren.com\/kepce-kulak-ameliyati\/","name":"Chirurgie de l&#039;oreille pro\u00e9minente - Op. Hikmet Ihsan Eren","isPartOf":{"@id":"https:\/\/drhikmetihsaneren.com\/#website"},"primaryImageOfPage":{"@id":"https:\/\/drhikmetihsaneren.com\/kepce-kulak-ameliyati\/#primaryimage"},"image":{"@id":"https:\/\/drhikmetihsaneren.com\/kepce-kulak-ameliyati\/#primaryimage"},"thumbnailUrl":"https:\/\/drhikmetihsaneren.com\/wp-content\/uploads\/2023\/08\/kulak-estetigi-kepce-kulak-ameliyati-istanbul.jpg","datePublished":"2023-08-23T17:04:25+00:00","dateModified":"2024-01-31T14:09:21+00:00","author":{"@id":"https:\/\/drhikmetihsaneren.com\/#\/schema\/person\/ead3a6bcc737ac7017cb2de6e23f5ea4"},"description":"Vous pouvez visiter notre site Web pour obtenir des informations et des demandes de rendez-vous pour notre clinique d&#039;Istanbul, la chirurgie de l&#039;oreille pro\u00e9minente ou l&#039;otoplastie.","breadcrumb":{"@id":"https:\/\/drhikmetihsaneren.com\/kepce-kulak-ameliyati\/#breadcrumb"},"inLanguage":"fr-FR","potentialAction":[{"@type":"ReadAction","target":["https:\/\/drhikmetihsaneren.com\/kepce-kulak-ameliyati\/"]}]},{"@type":"ImageObject","inLanguage":"fr-FR","@id":"https:\/\/drhikmetihsaneren.com\/kepce-kulak-ameliyati\/#primaryimage","url":"https:\/\/drhikmetihsaneren.com\/wp-content\/uploads\/2023\/08\/kulak-estetigi-kepce-kulak-ameliyati-istanbul.jpg","contentUrl":"https:\/\/drhikmetihsaneren.com\/wp-content\/uploads\/2023\/08\/kulak-estetigi-kepce-kulak-ameliyati-istanbul.jpg","width":1029,"height":708,"caption":"Kulak Estetigi Kepce Kulak Ameliyati istanbul"},{"@type":"BreadcrumbList","@id":"https:\/\/drhikmetihsaneren.com\/kepce-kulak-ameliyati\/#breadcrumb","itemListElement":[{"@type":"ListItem","position":1,"name":"Anasayfa","item":"https:\/\/drhikmetihsaneren.com\/"},{"@type":"ListItem","position":2,"name":"Kep\u00e7e Kulak Ameliyat\u0131"}]},{"@type":"WebSite","@id":"https:\/\/drhikmetihsaneren.com\/#website","url":"https:\/\/drhikmetihsaneren.com\/","name":"Baiser. Hikmet Ihsan Eren","description":"Chirurgie plastique","potentialAction":[{"@type":"SearchAction","target":{"@type":"EntryPoint","urlTemplate":"https:\/\/drhikmetihsaneren.com\/?s={search_term_string}"},"query-input":{"@type":"PropertyValueSpecification","valueRequired":true,"valueName":"search_term_string"}}],"inLanguage":"fr-FR"},{"@type":"Person","@id":"https:\/\/drhikmetihsaneren.com\/#\/schema\/person\/ead3a6bcc737ac7017cb2de6e23f5ea4","name":"administrateur","image":{"@type":"ImageObject","inLanguage":"fr-FR","@id":"https:\/\/drhikmetihsaneren.com\/wp-content\/litespeed\/avatar\/e103683e0c7e21e1fe27206d385cb424.jpg?ver=1776871647","url":"https:\/\/drhikmetihsaneren.com\/wp-content\/litespeed\/avatar\/e103683e0c7e21e1fe27206d385cb424.jpg?ver=1776871647","contentUrl":"https:\/\/drhikmetihsaneren.com\/wp-content\/litespeed\/avatar\/e103683e0c7e21e1fe27206d385cb424.jpg?ver=1776871647","caption":"admin"},"sameAs":["https:\/\/drhikmetihsaneren.com"],"url":"https:\/\/drhikmetihsaneren.com\/fr\/author\/admin\/"}]}},"_links":{"self":[{"href":"https:\/\/drhikmetihsaneren.com\/fr\/wp-json\/wp\/v2\/posts\/6306","targetHints":{"allow":["GET"]}}],"collection":[{"href":"https:\/\/drhikmetihsaneren.com\/fr\/wp-json\/wp\/v2\/posts"}],"about":[{"href":"https:\/\/drhikmetihsaneren.com\/fr\/wp-json\/wp\/v2\/types\/post"}],"author":[{"embeddable":true,"href":"https:\/\/drhikmetihsaneren.com\/fr\/wp-json\/wp\/v2\/users\/1"}],"replies":[{"embeddable":true,"href":"https:\/\/drhikmetihsaneren.com\/fr\/wp-json\/wp\/v2\/comments?post=6306"}],"version-history":[{"count":1,"href":"https:\/\/drhikmetihsaneren.com\/fr\/wp-json\/wp\/v2\/posts\/6306\/revisions"}],"predecessor-version":[{"id":6308,"href":"https:\/\/drhikmetihsaneren.com\/fr\/wp-json\/wp\/v2\/posts\/6306\/revisions\/6308"}],"wp:featuredmedia":[{"embeddable":true,"href":"https:\/\/drhikmetihsaneren.com\/fr\/wp-json\/wp\/v2\/media\/6307"}],"wp:attachment":[{"href":"https:\/\/drhikmetihsaneren.com\/fr\/wp-json\/wp\/v2\/media?parent=6306"}],"wp:term":[{"taxonomy":"category","embeddable":true,"href":"https:\/\/drhikmetihsaneren.com\/fr\/wp-json\/wp\/v2\/categories?post=6306"},{"taxonomy":"post_tag","embeddable":true,"href":"https:\/\/drhikmetihsaneren.com\/fr\/wp-json\/wp\/v2\/tags?post=6306"}],"curies":[{"name":"wp","href":"https:\/\/api.w.org\/{rel}","templated":true}]}}