{"id":6321,"date":"2023-08-24T21:37:35","date_gmt":"2023-08-24T18:37:35","guid":{"rendered":"https:\/\/drhikmetihsaneren.com\/?p=6321"},"modified":"2024-01-31T17:09:14","modified_gmt":"2024-01-31T14:09:14","slug":"chirurgie-lifting-du-visage-et-du-cou","status":"publish","type":"post","link":"https:\/\/drhikmetihsaneren.com\/fr\/chirurgie-lifting-du-visage-et-du-cou\/","title":{"rendered":"Chirurgie de lifting du visage et du cou"},"content":{"rendered":"<p><strong>Chirurgie lifting du visage et du cou<\/strong>Il s\u2019agit d\u2019une option de chirurgie plastique populaire pour ceux qui souhaitent inverser les effets du temps et retrouver une apparence jeune. Ces chirurgies ciblent le rel\u00e2chement et les rides caus\u00e9es par le vieillissement de la peau et des tissus, vous aidant ainsi \u00e0 obtenir une apparence plus fra\u00eeche, plus jeune et plus dynamique. Dans cet article, nous discuterons en d\u00e9tail de la mani\u00e8re dont les chirurgies de lifting du visage et du cou sont r\u00e9alis\u00e9es, de leurs avantages et risques potentiels.<\/p>\n\n\n\n<h2 class=\"wp-block-heading\">Qu\u2019est-ce que le lifting du visage et du cou ?<\/h2>\n\n\n\n<p>Avec le processus de vieillissement, un affaissement se produit au niveau du visage et du cou en raison de la perte d&#039;\u00e9lasticit\u00e9 de la peau et de l&#039;effet de la gravit\u00e9. La chirurgie de lifting du visage et du cou est une intervention chirurgicale qui vise \u00e0 \u00e9liminer ces affaissements. Cette chirurgie consiste \u00e0 raffermir la peau et les tissus sous-jacents et vise \u00e0 donner \u00e0 la personne une apparence plus jeune et plus fra\u00eeche.<\/p>\n\n\n\n<h2 class=\"wp-block-heading\">\u00c9tapes de la chirurgie<\/h2>\n\n\n\n<p>La chirurgie de lifting du visage et du cou se d\u00e9roule en plusieurs \u00e9tapes fondamentales\u00a0:<\/p>\n\n\n\n<h4 class=\"wp-block-heading\">Consultation et planification<\/h4>\n\n\n\n<p>Avant l\u2019intervention chirurgicale, les attentes et l\u2019\u00e9tat de sant\u00e9 du patient sont \u00e9valu\u00e9s. Le chirurgien cr\u00e9e un plan sur la mani\u00e8re dont l\u2019op\u00e9ration sera r\u00e9alis\u00e9e.<\/p>\n\n\n\n<h4 class=\"wp-block-heading\">Anesth\u00e9sie<\/h4>\n\n\n\n<p>L\u2019intervention chirurgicale est g\u00e9n\u00e9ralement r\u00e9alis\u00e9e sous anesth\u00e9sie g\u00e9n\u00e9rale, de sorte que le patient ne ressent aucune douleur ni inconfort pendant l\u2019op\u00e9ration.<\/p>\n\n\n\n<h4 class=\"wp-block-heading\">Faire les incisions<\/h4>\n\n\n\n<p>Le chirurgien pratique des incisions qui peuvent \u00eatre cach\u00e9es dans le cuir chevelu. Ces incisions permettent d&#039;acc\u00e9der aux tissus sous la peau.<\/p>\n\n\n\n<h4 class=\"wp-block-heading\">Resserrement de la peau et des tissus<\/h4>\n\n\n\n<p>La peau et les tissus \u00e9tir\u00e9s par rapport \u00e0 leur \u00e9tat ant\u00e9rieur sont remplac\u00e9s en coupant ou en resserrant l&#039;exc\u00e9dent pour obtenir une apparence plus jeune.<\/p>\n\n\n\n<h4 class=\"wp-block-heading\">Faire les points<\/h4>\n\n\n\n<p>Les incisions cutan\u00e9es sont soigneusement referm\u00e9es. Des cicatrices minimes sont laiss\u00e9es gr\u00e2ce aux techniques de couture modernes.<\/p>\n\n\n\n<h2 class=\"wp-block-heading\">Chirurgie de lifting : la cl\u00e9 de la jeunesse<\/h2>\n\n\n\n<h3 class=\"wp-block-heading\">Objectif et processus<\/h3>\n\n\n\n<p>La chirurgie de lifting est une intervention de chirurgie esth\u00e9tique qui vise \u00e0 r\u00e9duire le rel\u00e2chement et les rides de la peau. Au cours de cette proc\u00e9dure, le chirurgien soul\u00e8ve doucement la peau, resserre les tissus et \u00e9limine l&#039;exc\u00e8s de graisse si n\u00e9cessaire. De cette mani\u00e8re, les signes \u00e9vidents du vieillissement au niveau du visage sont visiblement r\u00e9duits. L&#039;intervention chirurgicale est g\u00e9n\u00e9ralement r\u00e9alis\u00e9e sous s\u00e9dation ou anesth\u00e9sie g\u00e9n\u00e9rale, et un aspect naturel est donn\u00e9 aux traits du visage du patient gr\u00e2ce \u00e0 des techniques appropri\u00e9es.<\/p>\n\n\n\n<h3 class=\"wp-block-heading\">R\u00e9cup\u00e9ration postop\u00e9ratoire et r\u00e9sultats<\/h3>\n\n\n\n<p>Apr\u00e8s une op\u00e9ration de lifting, les patients peuvent souvent ressentir une l\u00e9g\u00e8re sensation d&#039;inconfort, mais celle-ci dispara\u00eet g\u00e9n\u00e9ralement en quelques jours. Bien que le processus de r\u00e9tablissement varie d\u2019un individu \u00e0 l\u2019autre, la plupart des patients peuvent reprendre leurs activit\u00e9s sociales en quelques semaines. Les r\u00e9sultats apparaissent au fil du temps et laissent votre visage plus jeune, plus frais et plus \u00e9clatant.<\/p>\n\n\n\n<h2 class=\"wp-block-heading\">Chirurgie de lifting du cou : l\u2019\u00e9tape qui compl\u00e8te l\u2019esth\u00e9tique<\/h2>\n\n\n\n<h3 class=\"wp-block-heading\">Objectif et processus<\/h3>\n\n\n\n<p>La chirurgie du lifting du cou vise \u00e0 rem\u00e9dier au rel\u00e2chement et au rel\u00e2chement non seulement de la zone du visage, mais \u00e9galement du cou et sous le menton. Le chirurgien resserre g\u00e9n\u00e9ralement les muscles du cou, enl\u00e8ve l\u2019exc\u00e8s de peau et remod\u00e8le la r\u00e9gion du cou de mani\u00e8re plus jeune. Cette proc\u00e9dure peut \u00eatre r\u00e9alis\u00e9e en conjonction avec une chirurgie de lifting et est souvent pr\u00e9f\u00e9r\u00e9e pour les patients qui souhaitent obtenir un effet de rajeunissement holistique.<\/p>\n\n\n\n<h3 class=\"wp-block-heading\">R\u00e9cup\u00e9ration postop\u00e9ratoire et r\u00e9sultats<\/h3>\n\n\n\n<p>Apr\u00e8s une op\u00e9ration de lifting du cou, les patients peuvent ressentir un l\u00e9ger gonflement et des ecchymoses au cours des premiers jours. Le processus de r\u00e9cup\u00e9ration se d\u00e9roule g\u00e9n\u00e9ralement de la m\u00eame mani\u00e8re qu\u2019une chirurgie de lifting. Votre chirurgien vous guidera sur les soins postop\u00e9ratoires. Les r\u00e9sultats apparaissent au fur et \u00e0 mesure de la cicatrisation, permettant \u00e0 la zone du cou d\u2019avoir un aspect plus jeune et plus esth\u00e9tique.<\/p>\n\n\n\n<h2 class=\"wp-block-heading\">Avantages et risques potentiels<\/h2>\n\n\n\n<p>Les chirurgies de lifting du visage et du cou pr\u00e9sentent de nombreux avantages potentiels. Ces chirurgies sont id\u00e9ales pour ceux qui souhaitent att\u00e9nuer les signes du vieillissement, augmenter leur confiance en eux et retrouver l\u2019\u00e9nergie de leur jeunesse. Cependant, comme pour toute intervention chirurgicale, les chirurgies de lifting du visage et du cou comportent certains risques. Les risques tels qu&#039;une infection, une r\u00e9action \u00e0 l&#039;anesth\u00e9sie et des complications pendant le processus de gu\u00e9rison doivent \u00eatre expliqu\u00e9s en d\u00e9tail par votre chirurgien.<\/p>\n\n\n\n<h2 class=\"wp-block-heading\">Prenez des mesures pour une apparence jeune<\/h2>\n\n\n\n<p>Chirurgies de lifting du visage et du cou, modernes <strong><a href=\"https:\/\/drhikmetihsaneren.com\/fr\/\">chirurgie plastique<\/a><\/strong>Ce ne sont l\u00e0 que quelques-unes des excellentes options propos\u00e9es par . Gr\u00e2ce \u00e0 ces interventions chirurgicales, vous pourrez retrouver votre jeunesse, inverser les effets du temps et vous sentir plus \u00e9nergique. Cependant, n&#039;oubliez pas que chaque intervention chirurgicale n\u00e9cessite une planification minutieuse, l&#039;exp\u00e9rience d&#039;un chirurgien qualifi\u00e9 et un processus de r\u00e9cup\u00e9ration correct.<\/p>\n\n\n\n<h2 class=\"wp-block-heading\">Questions fr\u00e9quemment pos\u00e9es<\/h2>\n\n\n\n<h3 class=\"wp-block-heading\">Combien de temps dure une op\u00e9ration de lifting du visage et du cou ?<\/h3>\n\n\n\n<p>La dur\u00e9e de l&#039;intervention chirurgicale varie g\u00e9n\u00e9ralement entre 3 et 5 heures. Cependant, chaque situation peut diff\u00e9rer.<\/p>\n\n\n\n<h3 class=\"wp-block-heading\">Est-ce que je ressentirai de la douleur apr\u00e8s l&#039;op\u00e9ration ?<\/h3>\n\n\n\n<p>Un l\u00e9ger inconfort est g\u00e9n\u00e9ralement ressenti apr\u00e8s la chirurgie, mais des m\u00e9dicaments peuvent \u00eatre prescrits pour g\u00e9rer la douleur.<\/p>\n\n\n\n<h3 class=\"wp-block-heading\">Y aura-t-il des cicatrices apr\u00e8s l&#039;op\u00e9ration ?<\/h3>\n\n\n\n<p>\u00c9tant donn\u00e9 que l\u2019on essaie de minimiser les incisions chirurgicales, les cicatrices s\u2019estomperont avec le temps et peuvent \u00eatre cach\u00e9es dans des zones naturelles telles que les cheveux.<\/p>\n\n\n\n<div class=\"wp-block-buttons is-layout-flex wp-block-buttons-is-layout-flex\">\n<div class=\"wp-block-button is-style-outline is-style-outline--1\"><a class=\"wp-block-button__link wp-element-button\" href=\"https:\/\/drhikmetihsaneren.com\/fr\/communication\/\">Prendre rendez-vous<\/a><\/div>\n<\/div>","protected":false},"excerpt":{"rendered":"<p>Y\u00fcz ve boyun germe ameliyat\u0131, zaman\u0131n etkilerini tersine \u00e7evirmek ve gen\u00e7lik dolu bir g\u00f6r\u00fcn\u00fcm\u00fc geri kazanmak isteyenler i\u00e7in pop\u00fcler bir estetik cerrahi se\u00e7ene\u011fidir. Bu ameliyatlar, ya\u015flanman\u0131n ciltte ve dokularda yol a\u00e7t\u0131\u011f\u0131 sarkma ve k\u0131r\u0131\u015f\u0131kl\u0131klar\u0131 hedefler, b\u00f6ylece daha taze, gen\u00e7 ve dinamik bir g\u00f6r\u00fcn\u00fcm elde etmenize yard\u0131mc\u0131 olur. Bu makalede, y\u00fcz ve boyun germe ameliyatlar\u0131n\u0131n nas\u0131l [&hellip;]<\/p>\n","protected":false},"author":1,"featured_media":6322,"comment_status":"closed","ping_status":"open","sticky":false,"template":"","format":"standard","meta":{"content-type":"","inline_featured_image":false,"footnotes":""},"categories":[1],"tags":[],"class_list":["post-6321","post","type-post","status-publish","format-standard","has-post-thumbnail","hentry","category-blog"],"yoast_head":"<!-- This site is optimized with the Yoast SEO plugin v27.5 - https:\/\/yoast.com\/product\/yoast-seo-wordpress\/ -->\n<title>Y\u00fcz ve Boyun Germe Ameliyat\u0131 Nedir? Nas\u0131l Yap\u0131l\u0131r - \u015ei\u015fli | \u0130stanbul<\/title>\n<meta name=\"description\" content=\"Y\u00fcz ve boyun germe ameliyat\u0131 i\u00e7in Uzman Plastik Cerrah Op. Dr. Hikmet \u0130hsan Eren klini\u011finde hasta kabul\u00fcne ba\u015flad\u0131. Randevu i\u00e7in t\u0131kla.\" \/>\n<meta name=\"robots\" content=\"index, follow, max-snippet:-1, max-image-preview:large, max-video-preview:-1\" \/>\n<link rel=\"canonical\" href=\"https:\/\/drhikmetihsaneren.com\/fr\/chirurgie-lifting-du-visage-et-du-cou\/\" \/>\n<meta property=\"og:locale\" content=\"fr_FR\" \/>\n<meta property=\"og:type\" content=\"article\" \/>\n<meta property=\"og:title\" content=\"Y\u00fcz ve Boyun Germe Ameliyat\u0131 Nedir? Nas\u0131l Yap\u0131l\u0131r - \u015ei\u015fli | \u0130stanbul\" \/>\n<meta property=\"og:description\" content=\"Y\u00fcz ve boyun germe ameliyat\u0131 i\u00e7in Uzman Plastik Cerrah Op. Dr. Hikmet \u0130hsan Eren klini\u011finde hasta kabul\u00fcne ba\u015flad\u0131. Randevu i\u00e7in t\u0131kla.\" \/>\n<meta property=\"og:url\" content=\"https:\/\/drhikmetihsaneren.com\/fr\/chirurgie-lifting-du-visage-et-du-cou\/\" \/>\n<meta property=\"og:site_name\" content=\"Op. Hikmet \u0130hsan Eren\" \/>\n<meta property=\"article:published_time\" content=\"2023-08-24T18:37:35+00:00\" \/>\n<meta property=\"article:modified_time\" content=\"2024-01-31T14:09:14+00:00\" \/>\n<meta property=\"og:image\" content=\"https:\/\/drhikmetihsaneren.com\/wp-content\/uploads\/2023\/08\/yuz-ve-boyun-germe-ameliyati-istanbul.jpg\" \/>\n\t<meta property=\"og:image:width\" content=\"894\" \/>\n\t<meta property=\"og:image:height\" content=\"570\" \/>\n\t<meta property=\"og:image:type\" content=\"image\/jpeg\" \/>\n<meta name=\"author\" content=\"admin\" \/>\n<meta name=\"twitter:card\" content=\"summary_large_image\" \/>\n<meta name=\"twitter:label1\" content=\"\u00c9crit par\" \/>\n\t<meta name=\"twitter:data1\" content=\"admin\" \/>\n\t<meta name=\"twitter:label2\" content=\"Dur\u00e9e de lecture estim\u00e9e\" \/>\n\t<meta name=\"twitter:data2\" content=\"4 minutes\" \/>\n<script type=\"application\/ld+json\" class=\"yoast-schema-graph\">{\"@context\":\"https:\\\/\\\/schema.org\",\"@graph\":[{\"@type\":\"Article\",\"@id\":\"https:\\\/\\\/drhikmetihsaneren.com\\\/yuz-ve-boyun-germe-ameliyati\\\/#article\",\"isPartOf\":{\"@id\":\"https:\\\/\\\/drhikmetihsaneren.com\\\/yuz-ve-boyun-germe-ameliyati\\\/\"},\"author\":{\"name\":\"admin\",\"@id\":\"https:\\\/\\\/drhikmetihsaneren.com\\\/#\\\/schema\\\/person\\\/ead3a6bcc737ac7017cb2de6e23f5ea4\"},\"headline\":\"Y\u00fcz ve Boyun Germe Ameliyat\u0131\",\"datePublished\":\"2023-08-24T18:37:35+00:00\",\"dateModified\":\"2024-01-31T14:09:14+00:00\",\"mainEntityOfPage\":{\"@id\":\"https:\\\/\\\/drhikmetihsaneren.com\\\/yuz-ve-boyun-germe-ameliyati\\\/\"},\"wordCount\":941,\"image\":{\"@id\":\"https:\\\/\\\/drhikmetihsaneren.com\\\/yuz-ve-boyun-germe-ameliyati\\\/#primaryimage\"},\"thumbnailUrl\":\"https:\\\/\\\/drhikmetihsaneren.com\\\/wp-content\\\/uploads\\\/2023\\\/08\\\/yuz-ve-boyun-germe-ameliyati-istanbul.jpg\",\"articleSection\":[\"Blog\"],\"inLanguage\":\"fr-FR\"},{\"@type\":\"WebPage\",\"@id\":\"https:\\\/\\\/drhikmetihsaneren.com\\\/yuz-ve-boyun-germe-ameliyati\\\/\",\"url\":\"https:\\\/\\\/drhikmetihsaneren.com\\\/yuz-ve-boyun-germe-ameliyati\\\/\",\"name\":\"Y\u00fcz ve Boyun Germe Ameliyat\u0131 Nedir? Nas\u0131l Yap\u0131l\u0131r - \u015ei\u015fli | \u0130stanbul\",\"isPartOf\":{\"@id\":\"https:\\\/\\\/drhikmetihsaneren.com\\\/#website\"},\"primaryImageOfPage\":{\"@id\":\"https:\\\/\\\/drhikmetihsaneren.com\\\/yuz-ve-boyun-germe-ameliyati\\\/#primaryimage\"},\"image\":{\"@id\":\"https:\\\/\\\/drhikmetihsaneren.com\\\/yuz-ve-boyun-germe-ameliyati\\\/#primaryimage\"},\"thumbnailUrl\":\"https:\\\/\\\/drhikmetihsaneren.com\\\/wp-content\\\/uploads\\\/2023\\\/08\\\/yuz-ve-boyun-germe-ameliyati-istanbul.jpg\",\"datePublished\":\"2023-08-24T18:37:35+00:00\",\"dateModified\":\"2024-01-31T14:09:14+00:00\",\"author\":{\"@id\":\"https:\\\/\\\/drhikmetihsaneren.com\\\/#\\\/schema\\\/person\\\/ead3a6bcc737ac7017cb2de6e23f5ea4\"},\"description\":\"Y\u00fcz ve boyun germe ameliyat\u0131 i\u00e7in Uzman Plastik Cerrah Op. Dr. Hikmet \u0130hsan Eren klini\u011finde hasta kabul\u00fcne ba\u015flad\u0131. Randevu i\u00e7in t\u0131kla.\",\"breadcrumb\":{\"@id\":\"https:\\\/\\\/drhikmetihsaneren.com\\\/yuz-ve-boyun-germe-ameliyati\\\/#breadcrumb\"},\"inLanguage\":\"fr-FR\",\"potentialAction\":[{\"@type\":\"ReadAction\",\"target\":[\"https:\\\/\\\/drhikmetihsaneren.com\\\/yuz-ve-boyun-germe-ameliyati\\\/\"]}]},{\"@type\":\"ImageObject\",\"inLanguage\":\"fr-FR\",\"@id\":\"https:\\\/\\\/drhikmetihsaneren.com\\\/yuz-ve-boyun-germe-ameliyati\\\/#primaryimage\",\"url\":\"https:\\\/\\\/drhikmetihsaneren.com\\\/wp-content\\\/uploads\\\/2023\\\/08\\\/yuz-ve-boyun-germe-ameliyati-istanbul.jpg\",\"contentUrl\":\"https:\\\/\\\/drhikmetihsaneren.com\\\/wp-content\\\/uploads\\\/2023\\\/08\\\/yuz-ve-boyun-germe-ameliyati-istanbul.jpg\",\"width\":894,\"height\":570,\"caption\":\"Y\u00fcz ve boyun germe ameliyat\u0131\"},{\"@type\":\"BreadcrumbList\",\"@id\":\"https:\\\/\\\/drhikmetihsaneren.com\\\/yuz-ve-boyun-germe-ameliyati\\\/#breadcrumb\",\"itemListElement\":[{\"@type\":\"ListItem\",\"position\":1,\"name\":\"Anasayfa\",\"item\":\"https:\\\/\\\/drhikmetihsaneren.com\\\/\"},{\"@type\":\"ListItem\",\"position\":2,\"name\":\"Y\u00fcz ve Boyun Germe Ameliyat\u0131\"}]},{\"@type\":\"WebSite\",\"@id\":\"https:\\\/\\\/drhikmetihsaneren.com\\\/#website\",\"url\":\"https:\\\/\\\/drhikmetihsaneren.com\\\/\",\"name\":\"Op. Hikmet \u0130hsan Eren\",\"description\":\"Estetik Cerrahi\",\"potentialAction\":[{\"@type\":\"SearchAction\",\"target\":{\"@type\":\"EntryPoint\",\"urlTemplate\":\"https:\\\/\\\/drhikmetihsaneren.com\\\/?s={search_term_string}\"},\"query-input\":{\"@type\":\"PropertyValueSpecification\",\"valueRequired\":true,\"valueName\":\"search_term_string\"}}],\"inLanguage\":\"fr-FR\"},{\"@type\":\"Person\",\"@id\":\"https:\\\/\\\/drhikmetihsaneren.com\\\/#\\\/schema\\\/person\\\/ead3a6bcc737ac7017cb2de6e23f5ea4\",\"name\":\"admin\",\"image\":{\"@type\":\"ImageObject\",\"inLanguage\":\"fr-FR\",\"@id\":\"https:\\\/\\\/drhikmetihsaneren.com\\\/wp-content\\\/litespeed\\\/avatar\\\/e103683e0c7e21e1fe27206d385cb424.jpg?ver=1776871647\",\"url\":\"https:\\\/\\\/drhikmetihsaneren.com\\\/wp-content\\\/litespeed\\\/avatar\\\/e103683e0c7e21e1fe27206d385cb424.jpg?ver=1776871647\",\"contentUrl\":\"https:\\\/\\\/drhikmetihsaneren.com\\\/wp-content\\\/litespeed\\\/avatar\\\/e103683e0c7e21e1fe27206d385cb424.jpg?ver=1776871647\",\"caption\":\"admin\"},\"sameAs\":[\"https:\\\/\\\/drhikmetihsaneren.com\"],\"url\":\"https:\\\/\\\/drhikmetihsaneren.com\\\/fr\\\/author\\\/admin\\\/\"}]}<\/script>\n<!-- \/ Yoast SEO plugin. -->","yoast_head_json":{"title":"Qu\u2019est-ce que la chirurgie de lifting du visage et du cou ? Comment faire - Si\u015fli | Istanbul","description":"Chirurgien Plasticien Sp\u00e9cialis\u00e9 Op. pour la chirurgie du lifting du visage et du cou. Dr. Hikmet \u0130hsan Eren a commenc\u00e9 \u00e0 accepter des patients dans sa clinique. Cliquez pour prendre rendez-vous.","robots":{"index":"index","follow":"follow","max-snippet":"max-snippet:-1","max-image-preview":"max-image-preview:large","max-video-preview":"max-video-preview:-1"},"canonical":"https:\/\/drhikmetihsaneren.com\/fr\/chirurgie-lifting-du-visage-et-du-cou\/","og_locale":"fr_FR","og_type":"article","og_title":"Y\u00fcz ve Boyun Germe Ameliyat\u0131 Nedir? Nas\u0131l Yap\u0131l\u0131r - \u015ei\u015fli | \u0130stanbul","og_description":"Y\u00fcz ve boyun germe ameliyat\u0131 i\u00e7in Uzman Plastik Cerrah Op. Dr. Hikmet \u0130hsan Eren klini\u011finde hasta kabul\u00fcne ba\u015flad\u0131. Randevu i\u00e7in t\u0131kla.","og_url":"https:\/\/drhikmetihsaneren.com\/fr\/chirurgie-lifting-du-visage-et-du-cou\/","og_site_name":"Op. Hikmet \u0130hsan Eren","article_published_time":"2023-08-24T18:37:35+00:00","article_modified_time":"2024-01-31T14:09:14+00:00","og_image":[{"width":894,"height":570,"url":"https:\/\/drhikmetihsaneren.com\/wp-content\/uploads\/2023\/08\/yuz-ve-boyun-germe-ameliyati-istanbul.jpg","type":"image\/jpeg"}],"author":"admin","twitter_card":"summary_large_image","twitter_misc":{"\u00c9crit par":"admin","Dur\u00e9e de lecture estim\u00e9e":"4 minutes"},"schema":{"@context":"https:\/\/schema.org","@graph":[{"@type":"Article","@id":"https:\/\/drhikmetihsaneren.com\/yuz-ve-boyun-germe-ameliyati\/#article","isPartOf":{"@id":"https:\/\/drhikmetihsaneren.com\/yuz-ve-boyun-germe-ameliyati\/"},"author":{"name":"admin","@id":"https:\/\/drhikmetihsaneren.com\/#\/schema\/person\/ead3a6bcc737ac7017cb2de6e23f5ea4"},"headline":"Y\u00fcz ve Boyun Germe Ameliyat\u0131","datePublished":"2023-08-24T18:37:35+00:00","dateModified":"2024-01-31T14:09:14+00:00","mainEntityOfPage":{"@id":"https:\/\/drhikmetihsaneren.com\/yuz-ve-boyun-germe-ameliyati\/"},"wordCount":941,"image":{"@id":"https:\/\/drhikmetihsaneren.com\/yuz-ve-boyun-germe-ameliyati\/#primaryimage"},"thumbnailUrl":"https:\/\/drhikmetihsaneren.com\/wp-content\/uploads\/2023\/08\/yuz-ve-boyun-germe-ameliyati-istanbul.jpg","articleSection":["Blog"],"inLanguage":"fr-FR"},{"@type":"WebPage","@id":"https:\/\/drhikmetihsaneren.com\/yuz-ve-boyun-germe-ameliyati\/","url":"https:\/\/drhikmetihsaneren.com\/yuz-ve-boyun-germe-ameliyati\/","name":"Qu\u2019est-ce que la chirurgie de lifting du visage et du cou ? Comment faire - Si\u015fli | Istanbul","isPartOf":{"@id":"https:\/\/drhikmetihsaneren.com\/#website"},"primaryImageOfPage":{"@id":"https:\/\/drhikmetihsaneren.com\/yuz-ve-boyun-germe-ameliyati\/#primaryimage"},"image":{"@id":"https:\/\/drhikmetihsaneren.com\/yuz-ve-boyun-germe-ameliyati\/#primaryimage"},"thumbnailUrl":"https:\/\/drhikmetihsaneren.com\/wp-content\/uploads\/2023\/08\/yuz-ve-boyun-germe-ameliyati-istanbul.jpg","datePublished":"2023-08-24T18:37:35+00:00","dateModified":"2024-01-31T14:09:14+00:00","author":{"@id":"https:\/\/drhikmetihsaneren.com\/#\/schema\/person\/ead3a6bcc737ac7017cb2de6e23f5ea4"},"description":"Chirurgien Plasticien Sp\u00e9cialis\u00e9 Op. pour la chirurgie du lifting du visage et du cou. Dr. Hikmet \u0130hsan Eren a commenc\u00e9 \u00e0 accepter des patients dans sa clinique. Cliquez pour prendre rendez-vous.","breadcrumb":{"@id":"https:\/\/drhikmetihsaneren.com\/yuz-ve-boyun-germe-ameliyati\/#breadcrumb"},"inLanguage":"fr-FR","potentialAction":[{"@type":"ReadAction","target":["https:\/\/drhikmetihsaneren.com\/yuz-ve-boyun-germe-ameliyati\/"]}]},{"@type":"ImageObject","inLanguage":"fr-FR","@id":"https:\/\/drhikmetihsaneren.com\/yuz-ve-boyun-germe-ameliyati\/#primaryimage","url":"https:\/\/drhikmetihsaneren.com\/wp-content\/uploads\/2023\/08\/yuz-ve-boyun-germe-ameliyati-istanbul.jpg","contentUrl":"https:\/\/drhikmetihsaneren.com\/wp-content\/uploads\/2023\/08\/yuz-ve-boyun-germe-ameliyati-istanbul.jpg","width":894,"height":570,"caption":"Y\u00fcz ve boyun germe ameliyat\u0131"},{"@type":"BreadcrumbList","@id":"https:\/\/drhikmetihsaneren.com\/yuz-ve-boyun-germe-ameliyati\/#breadcrumb","itemListElement":[{"@type":"ListItem","position":1,"name":"Anasayfa","item":"https:\/\/drhikmetihsaneren.com\/"},{"@type":"ListItem","position":2,"name":"Y\u00fcz ve Boyun Germe Ameliyat\u0131"}]},{"@type":"WebSite","@id":"https:\/\/drhikmetihsaneren.com\/#website","url":"https:\/\/drhikmetihsaneren.com\/","name":"Baiser. Hikmet Ihsan Eren","description":"Chirurgie plastique","potentialAction":[{"@type":"SearchAction","target":{"@type":"EntryPoint","urlTemplate":"https:\/\/drhikmetihsaneren.com\/?s={search_term_string}"},"query-input":{"@type":"PropertyValueSpecification","valueRequired":true,"valueName":"search_term_string"}}],"inLanguage":"fr-FR"},{"@type":"Person","@id":"https:\/\/drhikmetihsaneren.com\/#\/schema\/person\/ead3a6bcc737ac7017cb2de6e23f5ea4","name":"administrateur","image":{"@type":"ImageObject","inLanguage":"fr-FR","@id":"https:\/\/drhikmetihsaneren.com\/wp-content\/litespeed\/avatar\/e103683e0c7e21e1fe27206d385cb424.jpg?ver=1776871647","url":"https:\/\/drhikmetihsaneren.com\/wp-content\/litespeed\/avatar\/e103683e0c7e21e1fe27206d385cb424.jpg?ver=1776871647","contentUrl":"https:\/\/drhikmetihsaneren.com\/wp-content\/litespeed\/avatar\/e103683e0c7e21e1fe27206d385cb424.jpg?ver=1776871647","caption":"admin"},"sameAs":["https:\/\/drhikmetihsaneren.com"],"url":"https:\/\/drhikmetihsaneren.com\/fr\/author\/admin\/"}]}},"_links":{"self":[{"href":"https:\/\/drhikmetihsaneren.com\/fr\/wp-json\/wp\/v2\/posts\/6321","targetHints":{"allow":["GET"]}}],"collection":[{"href":"https:\/\/drhikmetihsaneren.com\/fr\/wp-json\/wp\/v2\/posts"}],"about":[{"href":"https:\/\/drhikmetihsaneren.com\/fr\/wp-json\/wp\/v2\/types\/post"}],"author":[{"embeddable":true,"href":"https:\/\/drhikmetihsaneren.com\/fr\/wp-json\/wp\/v2\/users\/1"}],"replies":[{"embeddable":true,"href":"https:\/\/drhikmetihsaneren.com\/fr\/wp-json\/wp\/v2\/comments?post=6321"}],"version-history":[{"count":1,"href":"https:\/\/drhikmetihsaneren.com\/fr\/wp-json\/wp\/v2\/posts\/6321\/revisions"}],"predecessor-version":[{"id":6323,"href":"https:\/\/drhikmetihsaneren.com\/fr\/wp-json\/wp\/v2\/posts\/6321\/revisions\/6323"}],"wp:featuredmedia":[{"embeddable":true,"href":"https:\/\/drhikmetihsaneren.com\/fr\/wp-json\/wp\/v2\/media\/6322"}],"wp:attachment":[{"href":"https:\/\/drhikmetihsaneren.com\/fr\/wp-json\/wp\/v2\/media?parent=6321"}],"wp:term":[{"taxonomy":"category","embeddable":true,"href":"https:\/\/drhikmetihsaneren.com\/fr\/wp-json\/wp\/v2\/categories?post=6321"},{"taxonomy":"post_tag","embeddable":true,"href":"https:\/\/drhikmetihsaneren.com\/fr\/wp-json\/wp\/v2\/tags?post=6321"}],"curies":[{"name":"wp","href":"https:\/\/api.w.org\/{rel}","templated":true}]}}