{"id":326,"date":"2025-01-11T22:35:53","date_gmt":"2025-01-11T19:35:53","guid":{"rendered":"https:\/\/writer.e42art.com\/?p=326"},"modified":"2025-02-01T23:25:45","modified_gmt":"2025-02-01T20:25:45","slug":"hoeveel-kost-een-face-en-halslift-in-het-verenigd-koninkrijk","status":"publish","type":"post","link":"https:\/\/drhikmetihsaneren.com\/nl\/hoeveel-kost-een-face-en-halslift-in-het-verenigd-koninkrijk\/","title":{"rendered":"Hoeveel kost een face- en halslift in het Verenigd Koninkrijk?"},"content":{"rendered":"<p>Een face- en halslift is een veelgebruikte cosmetische ingreep om de effecten van veroudering te verminderen en een jeugdiger uiterlijk te cre\u00ebren. De kosten van de procedure vari\u00ebren afhankelijk van veel factoren. In dit artikel gaan we uitgebreid in op de factoren die van invloed zijn op de kosten van een face- en halslift in het Verenigd Koninkrijk, de prijsklassen en extra kosten.<\/p>\n\n\n\n<figure class=\"wp-block-image size-full\"><img fetchpriority=\"high\" decoding=\"async\" width=\"800\" height=\"600\" src=\"https:\/\/drhikmetihsaneren.com\/wp-content\/uploads\/2025\/02\/image-8.png\" alt=\"\" class=\"wp-image-14794\" srcset=\"https:\/\/drhikmetihsaneren.com\/wp-content\/uploads\/2025\/02\/image-8.png 800w, https:\/\/drhikmetihsaneren.com\/wp-content\/uploads\/2025\/02\/image-8-768x576.png 768w, https:\/\/drhikmetihsaneren.com\/wp-content\/uploads\/2025\/02\/image-8-16x12.png 16w\" sizes=\"(max-width: 800px) 100vw, 800px\" \/><\/figure>\n\n\n\n<h2 class=\"wp-block-heading\">Face- en halslift: kostenfactoren<\/h2>\n\n\n\n<p>Er zijn veel factoren die de kosten van een face- en halslift bepalen. Hierbij valt te denken aan de leeftijd van de pati\u00ebnt, het huidtype, de mate van huidverslapping, de omvang van de operatie en de mate van ervaring van de chirurg. Een uitgebreidere ingreep vergt meer operatietijd en dus hogere kosten. Bijvoorbeeld, of het alleen om een facelift gaat, of er een halslift bij komt kijken, of er aanvullende ingrepen zoals een ooglidcorrectie worden toegevoegd, heeft direct invloed op de kosten. De kwaliteit van de huid en de mate van slapheid hebben ook invloed op de complexiteit en de duur van de procedure, wat de kosten kan verhogen. Ten slotte spelen de specialisatie en ervaring van de chirurg een belangrijke rol bij de prijsstelling. Meer ervaren chirurgen rekenen doorgaans hogere tarieven.<\/p>\n\n\n\n<h2 class=\"wp-block-heading\">Prijsbereik en varianten in het Verenigd Koninkrijk<\/h2>\n\n\n\n<p>De kosten voor een face- en halslift in het Verenigd Koninkrijk liggen doorgaans tussen de \u00a3 8.000 en \u00a3 15.000. Deze grote prijsverschillen zijn het gevolg van een combinatie van bovengenoemde factoren. Hoe groter de omvang van de transactie, hoe hoger de kosten. Een facelift alleen kost bijvoorbeeld minder dan een ingreep waarbij zowel het gezicht als de hals worden gelift. Daarnaast kunnen ook de locatie van de chirurg en de reputatie van de kliniek van invloed zijn op de prijs. Prestigieuze klinieken in grote steden zoals Londen kunnen hogere prijzen rekenen. De prijs mag echter niet alleen een indicatie van de kosten zijn; Ook de ervaring en het succes van de chirurg moeten in aanmerking worden genomen.<\/p>\n\n\n\n<p>In Engeland <strong>face- en halslift (rhytidectomie)<\/strong> De kosten vari\u00ebren afhankelijk van de locatie van de kliniek, de ervaring van de chirurg en de omvang van de procedure. Hier is een gedetailleerde analyse:<\/p>\n\n\n\n<hr class=\"wp-block-separator has-alpha-channel-opacity\"\/>\n\n\n\n<h3 class=\"wp-block-heading\"><strong>Kosten voor face- en halslift in het VK (2023)<\/strong><\/h3>\n\n\n\n<figure class=\"wp-block-table\"><table class=\"has-fixed-layout\"><thead><tr><th><strong>Criterium<\/strong><\/th><th><strong>Gemiddeld kostenbereik<\/strong><\/th><th><strong>Detail<\/strong><\/th><\/tr><\/thead><tbody><tr><td><strong>Basisprocedure<\/strong><\/td><td>\u20ac 7.000 \u2013 \u20ac 12.000<\/td><td>Standaard face- en halslift (inclusief anesthesie en kliniekkosten).<\/td><\/tr><tr><td><strong>Premium klinieken<\/strong><\/td><td>\u20ac 12.000 - \u20ac 20.000+<\/td><td>Geldig voor bekende chirurgen of luxe klinieken in grote steden zoals Londen.<\/td><\/tr><tr><td><strong>Extra kosten<\/strong><\/td><td>\u20ac 500 \u2013 \u20ac 2.000+<\/td><td>Bijkomende kosten zoals anesthesie, medicijnen, accommodatie of nazorg.<\/td><\/tr><\/tbody><\/table><\/figure>\n\n\n\n<hr class=\"wp-block-separator has-alpha-channel-opacity\"\/>\n\n\n\n<h3 class=\"wp-block-heading\"><strong>Factoren die de prijs be\u00efnvloeden:<\/strong><\/h3>\n\n\n\n<ol class=\"wp-block-list\">\n<li><strong>Ervaring van de chirurg:<\/strong><\/li>\n<\/ol>\n\n\n\n<ul class=\"wp-block-list\">\n<li>Bekende of gespecialiseerde chirurgen rekenen vaak hogere tarieven (bijvoorbeeld \u00a315.000+ in Londen).<\/li>\n\n\n\n<li>NHS (openbare ziekenhuizen) voeren deze procedure uit <strong>voor cosmetische doeleinden<\/strong> doet niet; Dit is alleen mogelijk in priv\u00e9klinieken.<\/li>\n<\/ul>\n\n\n\n<ol class=\"wp-block-list\">\n<li><strong>Locatie kliniek:<\/strong><\/li>\n<\/ol>\n\n\n\n<ul class=\"wp-block-list\">\n<li>In grotere steden zoals Londen en Birmingham liggen de kosten hoger (\u00a310.000-\u00a320.000).<\/li>\n\n\n\n<li>In kleinere steden zijn de prijzen lager (\u00a37.000-\u00a310.000).<\/li>\n<\/ul>\n\n\n\n<ol class=\"wp-block-list\">\n<li><strong>Toepassingsgebied van de procedure:<\/strong><\/li>\n<\/ol>\n\n\n\n<ul class=\"wp-block-list\">\n<li>Alleen facelift: \u00a36.000-\u00a310.000.<\/li>\n\n\n\n<li>Combinatie van face- en halslift: \u00a3 8.000 - \u00a3 15.000.<\/li>\n\n\n\n<li>Minimaal invasieve technieken zoals draadliften zijn wellicht goedkoper (\u00a33.000-\u00a36.000), maar hebben een kortere retentietijd.<\/li>\n<\/ul>\n\n\n\n<hr class=\"wp-block-separator has-alpha-channel-opacity\"\/>\n\n\n\n<h3 class=\"wp-block-heading\"><strong>Turkije vs. Vergelijking VK:<\/strong><\/h3>\n\n\n\n<figure class=\"wp-block-table\"><table class=\"has-fixed-layout\"><thead><tr><th><strong>Land<\/strong><\/th><th><strong>Gemiddelde kosten<\/strong><\/th><th><strong>Voordelen<\/strong><\/th><th><strong>Nadelen<\/strong><\/th><\/tr><\/thead><tbody><tr><td><strong>Engeland<\/strong><\/td><td>\u20ac 7.000 \u2013 \u20ac 20.000<\/td><td>Hoge standaard, taalvoordeel (Engels).<\/td><td>De kosten zijn erg hoog.<\/td><\/tr><tr><td><strong>Turkije<\/strong><\/td><td>\u00a32.500 \u2013 \u00a35.000 (\u20ba)<\/td><td>%50-70 daha uygun, all-inclusive paketler.<\/td><td>Reis- en verblijfskosten zijn extra.<\/td><\/tr><\/tbody><\/table><\/figure>\n\n\n\n<hr class=\"wp-block-separator has-alpha-channel-opacity\"\/>\n\n\n\n<h3 class=\"wp-block-heading\"><strong>Waar u rekening mee moet houden:<\/strong><\/h3>\n\n\n\n<ul class=\"wp-block-list\">\n<li><strong>Financieringsopties:<\/strong> Sommige priv\u00e9klinieken bieden betalingsregelingen in termijnen aan.<\/li>\n\n\n\n<li><strong>Kwaliteitscontrole:<\/strong> Chirurgen in Engeland <strong>GMC (Algemene Medische Raad)<\/strong> moet geregistreerd zijn.<\/li>\n\n\n\n<li><strong>Advieskosten:<\/strong> Een eerste consult kost doorgaans tussen de \u00a3100 en \u00a3300.<\/li>\n<\/ul>\n\n\n\n<hr class=\"wp-block-separator has-alpha-channel-opacity\"\/>\n\n\n\n<h3 class=\"wp-block-heading\"><strong>Conclusie:<\/strong><\/h3>\n\n\n\n<p>Face- en halsliftprocedure in het Verenigd Koninkrijk <strong>gemiddeld \u00a37.000-\u00a315.000<\/strong> varieert tussen. Hoewel de kosten hoger zijn vergeleken met Europa en de VS, zijn de eenvoudige taal en de strenge medische normen redenen om de voorkeur te geven. Voor economische alternatieven <strong>Turkije <\/strong>U kunt all-inclusive pakketten evalueren in landen zoals.<\/p>\n\n\n\n<h2 class=\"wp-block-heading\">Chirurgselectie en de impact van kosten<\/h2>\n\n\n\n<p>De keuze van de chirurg heeft rechtstreeks invloed op de kosten van een face- en halslift. Een gerenommeerde en ervaren chirurg zal hogere tarieven rekenen. Deze hogere vergoeding betekent echter doorgaans betere resultaten en een lager risico. Het is belangrijk om zorgvuldig onderzoek te doen naar het vakgebied van de chirurg, zijn slagingspercentages en de beoordelingen van pati\u00ebnten. Bij het vergelijken van prijzen moet u niet alleen letten op de kosten, maar ook op de kwalificaties en ervaring van de chirurg. Een goedkope procedure kan leiden tot lagere kwaliteit van de resultaten of hogere risico&#039;s. Daarom is het essentieel om een balans te vinden tussen prijs en kwaliteit.<\/p>\n\n\n\n<h2 class=\"wp-block-heading\">Extra kosten en totale transactiekosten<\/h2>\n\n\n\n<p>Om de totale kosten van een face- en halslift te berekenen, moet u naast de operatiekosten rekening houden met een aantal extra kosten. Denk hierbij aan kosten voor anesthesie, ziekenhuis- of kliniekkosten, medicijnen en vervolgonderzoeken. Daarnaast kunnen speciale kleding en andere benodigdheden die nodig zijn voor de postoperatieve zorg en het herstel, ook extra kosten met zich meebrengen. Deze extra kosten kunnen de totale kosten aanzienlijk verhogen. Daarom is het belangrijk om alle kosten nauwkeurig te kennen en een budget op te stellen v\u00f3\u00f3r de transactie. Als u een duidelijke offerte krijgt waarin alle kosten zijn opgenomen, voorkomt u onverwachte financi\u00eble verrassingen.<\/p>\n\n\n\n<p>De kosten voor een face- en halslift vari\u00ebren afhankelijk van veel factoren. Het is belangrijk om voorafgaand aan de procedure de mogelijke kosten zorgvuldig te overwegen, een ervaren chirurg te kiezen en een offerte te krijgen die alle kosten dekt. Let niet alleen op de kosten, maar ook op de ervaring van de chirurg, het slagingspercentage en de beoordelingen van pati\u00ebnten. Zo weet u zeker dat u een weloverwogen beslissing neemt.<\/p>\n\n\n\n<p>Voor meer informatie en om succesvolle operatieresultaten te zien\u00a0<a href=\"https:\/\/www.instagram.com\/drhikmetihsaneren\/\">instagram<\/a>\u00a0Bezoek onze pagina. Neem nu contact met ons op om uw operatie te plannen.\u00a0<a href=\"https:\/\/drhikmetihsaneren.com\/nl\/communicatie\/\">communicatie<\/a>Ga naar .<\/p>\n\n\n\n<p><\/p>","protected":false},"excerpt":{"rendered":"<p>De kosten voor een face- en halslift in het Verenigd Koninkrijk vari\u00ebren afhankelijk van de ervaring van de chirurg, de locatie van de kliniek en de gebruikte techniek. {CONTENT} geeft gedetailleerde informatie over de prijzen, de verschillende opties en het behandelproces. Lees ons artikel voor een informatieve en uitgebreide gids.<\/p>","protected":false},"author":1,"featured_media":14795,"comment_status":"open","ping_status":"open","sticky":false,"template":"","format":"standard","meta":{"content-type":"","inline_featured_image":false,"footnotes":""},"categories":[129],"tags":[],"class_list":["post-326","post","type-post","status-publish","format-standard","has-post-thumbnail","hentry","category-boyun-germe"],"yoast_head":"<!-- This site is optimized with the Yoast SEO plugin v27.5 - https:\/\/yoast.com\/product\/yoast-seo-wordpress\/ -->\n<title>Y\u00fcz ve boyun germe i\u015fleminin \u0130ngiltere&#039;de maliyeti ne kadar? - Op. Hikmet \u0130hsan Eren<\/title>\n<meta name=\"robots\" content=\"index, follow, max-snippet:-1, max-image-preview:large, max-video-preview:-1\" \/>\n<link rel=\"canonical\" href=\"https:\/\/drhikmetihsaneren.com\/nl\/hoeveel-kost-een-face-en-halslift-in-het-verenigd-koninkrijk\/\" \/>\n<meta property=\"og:locale\" content=\"nl_NL\" \/>\n<meta property=\"og:type\" content=\"article\" \/>\n<meta property=\"og:title\" content=\"Y\u00fcz ve boyun germe i\u015fleminin \u0130ngiltere&#039;de maliyeti ne kadar? - Op. Hikmet \u0130hsan Eren\" \/>\n<meta property=\"og:description\" content=\"Y\u00fcz ve boyun germe ameliyat\u0131n\u0131n \u0130ngiltere&#039;deki maliyeti, cerrah\u0131n deneyimine, klini\u011fin konumuna ve uygulanan tekni\u011fe g\u00f6re de\u011fi\u015fir. {CONTENT} detayl\u0131 fiyat bilgisi, farkl\u0131 se\u00e7enekleri ve tedavi s\u00fcrecini a\u00e7\u0131kl\u0131yor. Bilgilendirici ve kapsaml\u0131 bir rehber i\u00e7in makalemizi okuyun.\" \/>\n<meta property=\"og:url\" content=\"https:\/\/drhikmetihsaneren.com\/nl\/hoeveel-kost-een-face-en-halslift-in-het-verenigd-koninkrijk\/\" \/>\n<meta property=\"og:site_name\" content=\"Op. Hikmet \u0130hsan Eren\" \/>\n<meta property=\"article:published_time\" content=\"2025-01-11T19:35:53+00:00\" \/>\n<meta property=\"article:modified_time\" content=\"2025-02-01T20:25:45+00:00\" \/>\n<meta property=\"og:image\" content=\"https:\/\/drhikmetihsaneren.com\/wp-content\/uploads\/2025\/02\/image-9.png\" \/>\n\t<meta property=\"og:image:width\" content=\"977\" \/>\n\t<meta property=\"og:image:height\" content=\"608\" \/>\n\t<meta property=\"og:image:type\" content=\"image\/png\" \/>\n<meta name=\"author\" content=\"admin\" \/>\n<meta name=\"twitter:card\" content=\"summary_large_image\" \/>\n<meta name=\"twitter:label1\" content=\"Geschreven door\" \/>\n\t<meta name=\"twitter:data1\" content=\"admin\" \/>\n\t<meta name=\"twitter:label2\" content=\"Geschatte leestijd\" \/>\n\t<meta name=\"twitter:data2\" content=\"5 minuten\" \/>\n<script type=\"application\/ld+json\" class=\"yoast-schema-graph\">{\"@context\":\"https:\\\/\\\/schema.org\",\"@graph\":[{\"@type\":\"Article\",\"@id\":\"https:\\\/\\\/drhikmetihsaneren.com\\\/yuz-ve-boyun-germe-isleminin-ingilterede-maliyeti-ne-kadar\\\/#article\",\"isPartOf\":{\"@id\":\"https:\\\/\\\/drhikmetihsaneren.com\\\/yuz-ve-boyun-germe-isleminin-ingilterede-maliyeti-ne-kadar\\\/\"},\"author\":{\"name\":\"admin\",\"@id\":\"https:\\\/\\\/drhikmetihsaneren.com\\\/#\\\/schema\\\/person\\\/ead3a6bcc737ac7017cb2de6e23f5ea4\"},\"headline\":\"Y\u00fcz ve boyun germe i\u015fleminin \u0130ngiltere&#8217;de maliyeti ne kadar?\",\"datePublished\":\"2025-01-11T19:35:53+00:00\",\"dateModified\":\"2025-02-01T20:25:45+00:00\",\"mainEntityOfPage\":{\"@id\":\"https:\\\/\\\/drhikmetihsaneren.com\\\/yuz-ve-boyun-germe-isleminin-ingilterede-maliyeti-ne-kadar\\\/\"},\"wordCount\":1007,\"commentCount\":0,\"image\":{\"@id\":\"https:\\\/\\\/drhikmetihsaneren.com\\\/yuz-ve-boyun-germe-isleminin-ingilterede-maliyeti-ne-kadar\\\/#primaryimage\"},\"thumbnailUrl\":\"https:\\\/\\\/drhikmetihsaneren.com\\\/wp-content\\\/uploads\\\/2025\\\/02\\\/image-9.png\",\"articleSection\":[\"Boyun Germe\"],\"inLanguage\":\"nl-NL\",\"potentialAction\":[{\"@type\":\"CommentAction\",\"name\":\"Comment\",\"target\":[\"https:\\\/\\\/drhikmetihsaneren.com\\\/yuz-ve-boyun-germe-isleminin-ingilterede-maliyeti-ne-kadar\\\/#respond\"]}]},{\"@type\":\"WebPage\",\"@id\":\"https:\\\/\\\/drhikmetihsaneren.com\\\/yuz-ve-boyun-germe-isleminin-ingilterede-maliyeti-ne-kadar\\\/\",\"url\":\"https:\\\/\\\/drhikmetihsaneren.com\\\/yuz-ve-boyun-germe-isleminin-ingilterede-maliyeti-ne-kadar\\\/\",\"name\":\"Y\u00fcz ve boyun germe i\u015fleminin \u0130ngiltere'de maliyeti ne kadar? - Op. Hikmet \u0130hsan Eren\",\"isPartOf\":{\"@id\":\"https:\\\/\\\/drhikmetihsaneren.com\\\/#website\"},\"primaryImageOfPage\":{\"@id\":\"https:\\\/\\\/drhikmetihsaneren.com\\\/yuz-ve-boyun-germe-isleminin-ingilterede-maliyeti-ne-kadar\\\/#primaryimage\"},\"image\":{\"@id\":\"https:\\\/\\\/drhikmetihsaneren.com\\\/yuz-ve-boyun-germe-isleminin-ingilterede-maliyeti-ne-kadar\\\/#primaryimage\"},\"thumbnailUrl\":\"https:\\\/\\\/drhikmetihsaneren.com\\\/wp-content\\\/uploads\\\/2025\\\/02\\\/image-9.png\",\"datePublished\":\"2025-01-11T19:35:53+00:00\",\"dateModified\":\"2025-02-01T20:25:45+00:00\",\"author\":{\"@id\":\"https:\\\/\\\/drhikmetihsaneren.com\\\/#\\\/schema\\\/person\\\/ead3a6bcc737ac7017cb2de6e23f5ea4\"},\"breadcrumb\":{\"@id\":\"https:\\\/\\\/drhikmetihsaneren.com\\\/yuz-ve-boyun-germe-isleminin-ingilterede-maliyeti-ne-kadar\\\/#breadcrumb\"},\"inLanguage\":\"nl-NL\",\"potentialAction\":[{\"@type\":\"ReadAction\",\"target\":[\"https:\\\/\\\/drhikmetihsaneren.com\\\/yuz-ve-boyun-germe-isleminin-ingilterede-maliyeti-ne-kadar\\\/\"]}]},{\"@type\":\"ImageObject\",\"inLanguage\":\"nl-NL\",\"@id\":\"https:\\\/\\\/drhikmetihsaneren.com\\\/yuz-ve-boyun-germe-isleminin-ingilterede-maliyeti-ne-kadar\\\/#primaryimage\",\"url\":\"https:\\\/\\\/drhikmetihsaneren.com\\\/wp-content\\\/uploads\\\/2025\\\/02\\\/image-9.png\",\"contentUrl\":\"https:\\\/\\\/drhikmetihsaneren.com\\\/wp-content\\\/uploads\\\/2025\\\/02\\\/image-9.png\",\"width\":977,\"height\":608},{\"@type\":\"BreadcrumbList\",\"@id\":\"https:\\\/\\\/drhikmetihsaneren.com\\\/yuz-ve-boyun-germe-isleminin-ingilterede-maliyeti-ne-kadar\\\/#breadcrumb\",\"itemListElement\":[{\"@type\":\"ListItem\",\"position\":1,\"name\":\"Anasayfa\",\"item\":\"https:\\\/\\\/drhikmetihsaneren.com\\\/\"},{\"@type\":\"ListItem\",\"position\":2,\"name\":\"Y\u00fcz ve boyun germe i\u015fleminin \u0130ngiltere&#8217;de maliyeti ne kadar?\"}]},{\"@type\":\"WebSite\",\"@id\":\"https:\\\/\\\/drhikmetihsaneren.com\\\/#website\",\"url\":\"https:\\\/\\\/drhikmetihsaneren.com\\\/\",\"name\":\"Op. Hikmet \u0130hsan Eren\",\"description\":\"Estetik Cerrahi\",\"potentialAction\":[{\"@type\":\"SearchAction\",\"target\":{\"@type\":\"EntryPoint\",\"urlTemplate\":\"https:\\\/\\\/drhikmetihsaneren.com\\\/?s={search_term_string}\"},\"query-input\":{\"@type\":\"PropertyValueSpecification\",\"valueRequired\":true,\"valueName\":\"search_term_string\"}}],\"inLanguage\":\"nl-NL\"},{\"@type\":\"Person\",\"@id\":\"https:\\\/\\\/drhikmetihsaneren.com\\\/#\\\/schema\\\/person\\\/ead3a6bcc737ac7017cb2de6e23f5ea4\",\"name\":\"admin\",\"image\":{\"@type\":\"ImageObject\",\"inLanguage\":\"nl-NL\",\"@id\":\"https:\\\/\\\/drhikmetihsaneren.com\\\/wp-content\\\/litespeed\\\/avatar\\\/e103683e0c7e21e1fe27206d385cb424.jpg?ver=1777476781\",\"url\":\"https:\\\/\\\/drhikmetihsaneren.com\\\/wp-content\\\/litespeed\\\/avatar\\\/e103683e0c7e21e1fe27206d385cb424.jpg?ver=1777476781\",\"contentUrl\":\"https:\\\/\\\/drhikmetihsaneren.com\\\/wp-content\\\/litespeed\\\/avatar\\\/e103683e0c7e21e1fe27206d385cb424.jpg?ver=1777476781\",\"caption\":\"admin\"},\"sameAs\":[\"https:\\\/\\\/drhikmetihsaneren.com\"],\"url\":\"https:\\\/\\\/drhikmetihsaneren.com\\\/nl\\\/author\\\/admin\\\/\"}]}<\/script>\n<!-- \/ Yoast SEO plugin. -->","yoast_head_json":{"title":"Hoeveel kost een face- en halslift in het Verenigd Koninkrijk? - Op. Hikmet Ihsan Eren","robots":{"index":"index","follow":"follow","max-snippet":"max-snippet:-1","max-image-preview":"max-image-preview:large","max-video-preview":"max-video-preview:-1"},"canonical":"https:\/\/drhikmetihsaneren.com\/nl\/hoeveel-kost-een-face-en-halslift-in-het-verenigd-koninkrijk\/","og_locale":"nl_NL","og_type":"article","og_title":"Y\u00fcz ve boyun germe i\u015fleminin \u0130ngiltere'de maliyeti ne kadar? - Op. Hikmet \u0130hsan Eren","og_description":"Y\u00fcz ve boyun germe ameliyat\u0131n\u0131n \u0130ngiltere'deki maliyeti, cerrah\u0131n deneyimine, klini\u011fin konumuna ve uygulanan tekni\u011fe g\u00f6re de\u011fi\u015fir. {CONTENT} detayl\u0131 fiyat bilgisi, farkl\u0131 se\u00e7enekleri ve tedavi s\u00fcrecini a\u00e7\u0131kl\u0131yor. Bilgilendirici ve kapsaml\u0131 bir rehber i\u00e7in makalemizi okuyun.","og_url":"https:\/\/drhikmetihsaneren.com\/nl\/hoeveel-kost-een-face-en-halslift-in-het-verenigd-koninkrijk\/","og_site_name":"Op. Hikmet \u0130hsan Eren","article_published_time":"2025-01-11T19:35:53+00:00","article_modified_time":"2025-02-01T20:25:45+00:00","og_image":[{"width":977,"height":608,"url":"https:\/\/drhikmetihsaneren.com\/wp-content\/uploads\/2025\/02\/image-9.png","type":"image\/png"}],"author":"admin","twitter_card":"summary_large_image","twitter_misc":{"Geschreven door":"admin","Geschatte leestijd":"5 minuten"},"schema":{"@context":"https:\/\/schema.org","@graph":[{"@type":"Article","@id":"https:\/\/drhikmetihsaneren.com\/yuz-ve-boyun-germe-isleminin-ingilterede-maliyeti-ne-kadar\/#article","isPartOf":{"@id":"https:\/\/drhikmetihsaneren.com\/yuz-ve-boyun-germe-isleminin-ingilterede-maliyeti-ne-kadar\/"},"author":{"name":"admin","@id":"https:\/\/drhikmetihsaneren.com\/#\/schema\/person\/ead3a6bcc737ac7017cb2de6e23f5ea4"},"headline":"Y\u00fcz ve boyun germe i\u015fleminin \u0130ngiltere&#8217;de maliyeti ne kadar?","datePublished":"2025-01-11T19:35:53+00:00","dateModified":"2025-02-01T20:25:45+00:00","mainEntityOfPage":{"@id":"https:\/\/drhikmetihsaneren.com\/yuz-ve-boyun-germe-isleminin-ingilterede-maliyeti-ne-kadar\/"},"wordCount":1007,"commentCount":0,"image":{"@id":"https:\/\/drhikmetihsaneren.com\/yuz-ve-boyun-germe-isleminin-ingilterede-maliyeti-ne-kadar\/#primaryimage"},"thumbnailUrl":"https:\/\/drhikmetihsaneren.com\/wp-content\/uploads\/2025\/02\/image-9.png","articleSection":["Boyun Germe"],"inLanguage":"nl-NL","potentialAction":[{"@type":"CommentAction","name":"Comment","target":["https:\/\/drhikmetihsaneren.com\/yuz-ve-boyun-germe-isleminin-ingilterede-maliyeti-ne-kadar\/#respond"]}]},{"@type":"WebPage","@id":"https:\/\/drhikmetihsaneren.com\/yuz-ve-boyun-germe-isleminin-ingilterede-maliyeti-ne-kadar\/","url":"https:\/\/drhikmetihsaneren.com\/yuz-ve-boyun-germe-isleminin-ingilterede-maliyeti-ne-kadar\/","name":"Hoeveel kost een face- en halslift in het Verenigd Koninkrijk? - Op. Hikmet Ihsan Eren","isPartOf":{"@id":"https:\/\/drhikmetihsaneren.com\/#website"},"primaryImageOfPage":{"@id":"https:\/\/drhikmetihsaneren.com\/yuz-ve-boyun-germe-isleminin-ingilterede-maliyeti-ne-kadar\/#primaryimage"},"image":{"@id":"https:\/\/drhikmetihsaneren.com\/yuz-ve-boyun-germe-isleminin-ingilterede-maliyeti-ne-kadar\/#primaryimage"},"thumbnailUrl":"https:\/\/drhikmetihsaneren.com\/wp-content\/uploads\/2025\/02\/image-9.png","datePublished":"2025-01-11T19:35:53+00:00","dateModified":"2025-02-01T20:25:45+00:00","author":{"@id":"https:\/\/drhikmetihsaneren.com\/#\/schema\/person\/ead3a6bcc737ac7017cb2de6e23f5ea4"},"breadcrumb":{"@id":"https:\/\/drhikmetihsaneren.com\/yuz-ve-boyun-germe-isleminin-ingilterede-maliyeti-ne-kadar\/#breadcrumb"},"inLanguage":"nl-NL","potentialAction":[{"@type":"ReadAction","target":["https:\/\/drhikmetihsaneren.com\/yuz-ve-boyun-germe-isleminin-ingilterede-maliyeti-ne-kadar\/"]}]},{"@type":"ImageObject","inLanguage":"nl-NL","@id":"https:\/\/drhikmetihsaneren.com\/yuz-ve-boyun-germe-isleminin-ingilterede-maliyeti-ne-kadar\/#primaryimage","url":"https:\/\/drhikmetihsaneren.com\/wp-content\/uploads\/2025\/02\/image-9.png","contentUrl":"https:\/\/drhikmetihsaneren.com\/wp-content\/uploads\/2025\/02\/image-9.png","width":977,"height":608},{"@type":"BreadcrumbList","@id":"https:\/\/drhikmetihsaneren.com\/yuz-ve-boyun-germe-isleminin-ingilterede-maliyeti-ne-kadar\/#breadcrumb","itemListElement":[{"@type":"ListItem","position":1,"name":"Anasayfa","item":"https:\/\/drhikmetihsaneren.com\/"},{"@type":"ListItem","position":2,"name":"Y\u00fcz ve boyun germe i\u015fleminin \u0130ngiltere&#8217;de maliyeti ne kadar?"}]},{"@type":"WebSite","@id":"https:\/\/drhikmetihsaneren.com\/#website","url":"https:\/\/drhikmetihsaneren.com\/","name":"Kus. Hikmet Ihsan Eren","description":"Plastische chirurgie","potentialAction":[{"@type":"SearchAction","target":{"@type":"EntryPoint","urlTemplate":"https:\/\/drhikmetihsaneren.com\/?s={search_term_string}"},"query-input":{"@type":"PropertyValueSpecification","valueRequired":true,"valueName":"search_term_string"}}],"inLanguage":"nl-NL"},{"@type":"Person","@id":"https:\/\/drhikmetihsaneren.com\/#\/schema\/person\/ead3a6bcc737ac7017cb2de6e23f5ea4","name":"beheerder","image":{"@type":"ImageObject","inLanguage":"nl-NL","@id":"https:\/\/drhikmetihsaneren.com\/wp-content\/litespeed\/avatar\/e103683e0c7e21e1fe27206d385cb424.jpg?ver=1777476781","url":"https:\/\/drhikmetihsaneren.com\/wp-content\/litespeed\/avatar\/e103683e0c7e21e1fe27206d385cb424.jpg?ver=1777476781","contentUrl":"https:\/\/drhikmetihsaneren.com\/wp-content\/litespeed\/avatar\/e103683e0c7e21e1fe27206d385cb424.jpg?ver=1777476781","caption":"admin"},"sameAs":["https:\/\/drhikmetihsaneren.com"],"url":"https:\/\/drhikmetihsaneren.com\/nl\/author\/admin\/"}]}},"_links":{"self":[{"href":"https:\/\/drhikmetihsaneren.com\/nl\/wp-json\/wp\/v2\/posts\/326","targetHints":{"allow":["GET"]}}],"collection":[{"href":"https:\/\/drhikmetihsaneren.com\/nl\/wp-json\/wp\/v2\/posts"}],"about":[{"href":"https:\/\/drhikmetihsaneren.com\/nl\/wp-json\/wp\/v2\/types\/post"}],"author":[{"embeddable":true,"href":"https:\/\/drhikmetihsaneren.com\/nl\/wp-json\/wp\/v2\/users\/1"}],"replies":[{"embeddable":true,"href":"https:\/\/drhikmetihsaneren.com\/nl\/wp-json\/wp\/v2\/comments?post=326"}],"version-history":[{"count":1,"href":"https:\/\/drhikmetihsaneren.com\/nl\/wp-json\/wp\/v2\/posts\/326\/revisions"}],"predecessor-version":[{"id":14796,"href":"https:\/\/drhikmetihsaneren.com\/nl\/wp-json\/wp\/v2\/posts\/326\/revisions\/14796"}],"wp:featuredmedia":[{"embeddable":true,"href":"https:\/\/drhikmetihsaneren.com\/nl\/wp-json\/wp\/v2\/media\/14795"}],"wp:attachment":[{"href":"https:\/\/drhikmetihsaneren.com\/nl\/wp-json\/wp\/v2\/media?parent=326"}],"wp:term":[{"taxonomy":"category","embeddable":true,"href":"https:\/\/drhikmetihsaneren.com\/nl\/wp-json\/wp\/v2\/categories?post=326"},{"taxonomy":"post_tag","embeddable":true,"href":"https:\/\/drhikmetihsaneren.com\/nl\/wp-json\/wp\/v2\/tags?post=326"}],"curies":[{"name":"wp","href":"https:\/\/api.w.org\/{rel}","templated":true}]}}